{"id":1186,"date":"2013-12-28T17:40:08","date_gmt":"2013-12-28T16:40:08","guid":{"rendered":"http:\/\/www.liebevoll-puppen.de\/?p=1186"},"modified":"2015-07-17T15:45:39","modified_gmt":"2015-07-17T15:45:39","slug":"rucken-nacken-warmekissen-mit-raps","status":"publish","type":"post","link":"http:\/\/liebevolles-handgemacht.de\/?p=1186","title":{"rendered":"R\u00fccken-Nacken-W\u00e4rmekissen mit Raps"},"content":{"rendered":"<p style=\"text-align: center;\"><strong><span style=\"color: #641f45;\">Kaum ist Weihnachten vorbei bin ich schon wieder am Werkeln. Ich hatte schon wieder Kundenanfragen kaum das Weihnachten vorbei war. Dabei wollte ich zwischen Weihnachten und Neujahr eigentlich eine Pause machen.<\/span><\/strong><\/p>\n<p style=\"text-align: center;\">Doch nicht nur Kundenauftr\u00e4ge sind da, auch Geschenke die ich vor Weihnachten nicht geschafft habe m\u00fcssen gen\u00e4ht werden. F\u00fcr mein Patenkind wollte ich eigentlich noch ein kleines zus\u00e4tzliches Geschenk haben, aber mir ist nichts eingefallen. Als sie Weihnachten da war, zeigte sie ihr neues Handy. Ich habe ihr meine Handytaschen gezeigt, die ihr gefielen. Daraufhin hat sie sich ein Motiv und Farben ausgesucht und bekommt jetzt noch eine Handytasche. So ist es mir lieber, als wenn ich etwas gemacht h\u00e4tte und es h\u00e4tte ihr von den Farben oder Style nicht gefallen!<\/p>\n<p style=\"text-align: center;\"><a href=\"https:\/\/liebevolles-handgemacht.de\/wp-content\/uploads\/2015\/06\/IMG_9755k.jpg\"><img loading=\"lazy\" decoding=\"async\" class=\"aligncenter size-full wp-image-1192\" alt=\"IMG_9755k\" src=\"https:\/\/liebevolles-handgemacht.de\/wp-content\/uploads\/2015\/06\/IMG_9755k.jpg\" width=\"600\" height=\"400\" \/><\/a>Die Stickdatei ist von Kunterbuntdesign &#8222;Nachteulen&#8220;.<\/p>\n<p style=\"text-align: center;\"><a href=\"https:\/\/liebevolles-handgemacht.de\/wp-content\/uploads\/2015\/06\/IMG_9748k.jpg\"><img loading=\"lazy\" decoding=\"async\" class=\"aligncenter size-full wp-image-1184\" alt=\"IMG_9748k\" src=\"https:\/\/liebevolles-handgemacht.de\/wp-content\/uploads\/2015\/06\/IMG_9748k.jpg\" width=\"600\" height=\"400\" \/><\/a>Meine Cousine feiert ihren 40. Geburtstag, dazu bekommt sie von mir zwei W\u00e4rmekissen. Sie hat viel Last mit R\u00fcckenschmerzen und da sind Rapskissen genau richtig. Ich habe ein Raps-W\u00e4rmekissen schon seit vielen Jahren in Gebrauch, mehrmals die Woche, wenn ich starke Verspannungen habe auch mehrmals t\u00e4glich. Um noch mehr W\u00e4rme an den Nacken zu bekommen habe ich die Form des W\u00e4rmekissens weiterentwickelt und einen Kragen dazu gemacht.<\/p>\n<p style=\"text-align: center;\">Die ersten W\u00e4rmekissen die ich vor Jahren gen\u00e4ht habe, wurden gen\u00e4ht, gewendet, dann mit Raps gef\u00fcllt und anschlie\u00dfend abgen\u00e4ht. Aber so war eine gleichm\u00e4\u00dfige F\u00fcllung nicht m\u00f6glich. Inzwischen n\u00e4he ich die Kammern erst ab, f\u00fclle sie mit Raps und n\u00e4he sie dann zu. Der Stoff ist ein Baumwollstoff von Westfalenstoffe von der Serie &#8222;Linz&#8220;. Im passenden Stoff diesmal mit Rehen habe ich dann noch ein kleineres K\u00f6rnerkissen gemacht, welches sich bei Bauchschmerzen oder R\u00fcckenschmerzen im unteren Bereich eignet.<\/p>\n<p style=\"text-align: center;\"><a href=\"https:\/\/liebevolles-handgemacht.de\/wp-content\/uploads\/2015\/06\/IMG_9751k.jpg\"><img loading=\"lazy\" decoding=\"async\" class=\"aligncenter size-full wp-image-1185\" alt=\"IMG_9751k\" src=\"https:\/\/liebevolles-handgemacht.de\/wp-content\/uploads\/2015\/06\/IMG_9751k.jpg\" width=\"600\" height=\"400\" \/><\/a>Hier auf dem Foto ist nur die H\u00e4lfte zu sehen, es hat insgesamt 8 Kammern und ist 64x20cm gro\u00df. Die W\u00e4rmekissen k\u00f6nnen in der Mikrowelle aufgew\u00e4rmt werden.<\/p>\n<p style=\"text-align: center;\"><a href=\"https:\/\/liebevolles-handgemacht.de\/wp-content\/uploads\/2015\/06\/IMG_9752k.jpg\"><img loading=\"lazy\" decoding=\"async\" class=\"aligncenter size-full wp-image-1191\" alt=\"IMG_9752k\" src=\"https:\/\/liebevolles-handgemacht.de\/wp-content\/uploads\/2015\/06\/IMG_9752k.jpg\" width=\"400\" height=\"600\" \/><\/a><\/p>\n<p style=\"text-align: center;\">Ich erw\u00e4rme mein Nackenkissen bei 600 Watt insgesamt 4 Min. Das oben gezeigte W\u00e4rmekissen der neuen Generation mit mehr F\u00fcllung m\u00fcsste min. 5 Minuten in die Mikrowelle, das kleinere W\u00e4rmekissen etwa 3 1\/2 Min. Da jede Mikrowelle anders ist sollte man sich langsam heran tasten. Erst eine geringere Zeit einstellen und wenn es noch nicht hei\u00df genug ist in kleineren Schritten weiter erw\u00e4rmen. Der Stoff kann verbrennen wenn der Inhalt zu hei\u00df wird!<\/p>\n<p style=\"text-align: center;\"><strong><span style=\"color: #641f45;\">Habe ich eigentlich schon erz\u00e4hlt dass meine Mutter ein Tablet zu Weihnachten bekommen hat? Jetzt kann sie hier alles mit verfolgen, was ich so schreibe. Also ganz liebe Gr\u00fc\u00dfe Mama und auch an alle Anderen! Und schon wieder ist Wochenende. LIEBEVOLLe Gr\u00fc\u00dfe Dini<\/span><\/strong><\/p>\n","protected":false},"excerpt":{"rendered":"<p>Kaum ist Weihnachten vorbei bin ich schon wieder am Werkeln. Ich hatte schon wieder Kundenanfragen kaum das Weihnachten vorbei war. Dabei wollte ich zwischen Weihnachten und Neujahr eigentlich eine Pause machen. Doch nicht nur Kundenauftr\u00e4ge sind da, auch Geschenke die &hellip; <a href=\"http:\/\/liebevolles-handgemacht.de\/?p=1186\">Weiterlesen <span class=\"meta-nav\">&rarr;<\/span><\/a><\/p>\n","protected":false},"author":2,"featured_media":0,"comment_status":"open","ping_status":"open","sticky":false,"template":"","format":"standard","meta":{"footnotes":"","_links_to":"","_links_to_target":""},"categories":[6],"tags":[],"class_list":["post-1186","post","type-post","status-publish","format-standard","hentry","category-ideen"],"_links":{"self":[{"href":"http:\/\/liebevolles-handgemacht.de\/index.php?rest_route=\/wp\/v2\/posts\/1186","targetHints":{"allow":["GET"]}}],"collection":[{"href":"http:\/\/liebevolles-handgemacht.de\/index.php?rest_route=\/wp\/v2\/posts"}],"about":[{"href":"http:\/\/liebevolles-handgemacht.de\/index.php?rest_route=\/wp\/v2\/types\/post"}],"author":[{"embeddable":true,"href":"http:\/\/liebevolles-handgemacht.de\/index.php?rest_route=\/wp\/v2\/users\/2"}],"replies":[{"embeddable":true,"href":"http:\/\/liebevolles-handgemacht.de\/index.php?rest_route=%2Fwp%2Fv2%2Fcomments&post=1186"}],"version-history":[{"count":3,"href":"http:\/\/liebevolles-handgemacht.de\/index.php?rest_route=\/wp\/v2\/posts\/1186\/revisions"}],"predecessor-version":[{"id":6130,"href":"http:\/\/liebevolles-handgemacht.de\/index.php?rest_route=\/wp\/v2\/posts\/1186\/revisions\/6130"}],"wp:attachment":[{"href":"http:\/\/liebevolles-handgemacht.de\/index.php?rest_route=%2Fwp%2Fv2%2Fmedia&parent=1186"}],"wp:term":[{"taxonomy":"category","embeddable":true,"href":"http:\/\/liebevolles-handgemacht.de\/index.php?rest_route=%2Fwp%2Fv2%2Fcategories&post=1186"},{"taxonomy":"post_tag","embeddable":true,"href":"http:\/\/liebevolles-handgemacht.de\/index.php?rest_route=%2Fwp%2Fv2%2Ftags&post=1186"}],"curies":[{"name":"wp","href":"https:\/\/api.w.org\/{rel}","templated":true}]}}