{"id":1265,"date":"2014-01-04T08:19:10","date_gmt":"2014-01-04T07:19:10","guid":{"rendered":"http:\/\/www.liebevoll-puppen.de\/?p=1265"},"modified":"2015-07-17T15:07:28","modified_gmt":"2015-07-17T15:07:28","slug":"10-jahre-ohne-melvin","status":"publish","type":"post","link":"http:\/\/liebevolles-handgemacht.de\/?p=1265","title":{"rendered":"10 Jahre ohne Melvin"},"content":{"rendered":"<p style=\"text-align: center;\"><strong><span style=\"color: #7e2f58;\">Unser Jahr f\u00e4ngt immer mit einer traurigen Erinnerung an. Am 04.01.2004 starb Melvin mit 18 Monaten an einem Gehirntumor. Es vergeht kein Tag, wo ich nicht an ihn denke. Manchmal kommt mir unsere gemeinsame Zeit vor wie aus einem anderen Leben und manchmal f\u00fchlt es sich an als ob es erst gestern war als er gehen musste. Ich m\u00f6chte euch mitnehmen auf eine kleine Zeitreise in unsere Vergangenheit!<\/span><\/strong><\/p>\n<p style=\"text-align: center;\"><a href=\"https:\/\/liebevolles-handgemacht.de\/wp-content\/uploads\/2015\/06\/Timon-Melvin-1.png\"><img loading=\"lazy\" decoding=\"async\" class=\"aligncenter size-full wp-image-1263\" alt=\"Timon &amp; Melvin 1\" src=\"https:\/\/liebevolles-handgemacht.de\/wp-content\/uploads\/2015\/06\/Timon-Melvin-1.png\" width=\"904\" height=\"609\" \/><\/a>Ich wei\u00df noch sehr genau als Timon mit Christian am zweiten Tag nach Melvins Geburt ins Krankenhaus kam. Melvin hat f\u00fcrchterlich geschrien und Timon kam rein und hatte einen entsetzten Gesichtsausdruck, als ob er am Liebsten gleich wieder rauslaufen wollte. Aber das Eis war schnell gebrochen. Melvin hatte Timon einen Siku Trecker mitgebracht, damit war Timon erstmal abgelenkt und dann durfte er das Fl\u00e4schchen halten und Melvin war still.<\/p>\n<p style=\"text-align: center;\"><a href=\"https:\/\/liebevolles-handgemacht.de\/wp-content\/uploads\/2015\/06\/Timon-und-Melvin.png\"><img loading=\"lazy\" decoding=\"async\" class=\"aligncenter size-full wp-image-1264\" alt=\"Timon und Melvin\" src=\"https:\/\/liebevolles-handgemacht.de\/wp-content\/uploads\/2015\/06\/Timon-und-Melvin.png\" width=\"923\" height=\"606\" \/><\/a>Timon war ein stolzer gro\u00dfer Bruder, seine Eifersucht dr\u00fcckte sich nur darin aus das er Melvin manchmal sehr fest umarmte und beschmuste. Auf diesen Foto sind die Beiden mit ihren Puppen Anton und Lukas, die immer dabei sein mussten.<\/p>\n<p style=\"text-align: center;\"><a href=\"https:\/\/liebevolles-handgemacht.de\/wp-content\/uploads\/2015\/06\/DSC00062k.jpg\"><img loading=\"lazy\" decoding=\"async\" class=\"aligncenter size-full wp-image-1253\" alt=\"DSC00062k\" src=\"https:\/\/liebevolles-handgemacht.de\/wp-content\/uploads\/2015\/06\/DSC00062k.jpg\" width=\"600\" height=\"450\" \/><\/a>Melvin war f\u00fcr jeden Bl\u00f6dsinn zu haben, er hat alles mit sich machen lassen. Ob Sonnenbrille aufsetzen oder irgendwelche Kopfbedeckungen, ihm stand jede M\u00fctze. Als ich die Fotos herausgesucht habe ist mir aufgefallen das er auf keinem Foto lacht. Dabei hat er sehr viel gelacht, hatte oft ein verschmitztes L\u00e4chenln.<\/p>\n<p style=\"text-align: center;\"><a href=\"https:\/\/liebevolles-handgemacht.de\/wp-content\/uploads\/2015\/06\/DSC00054k.jpg\"><img loading=\"lazy\" decoding=\"async\" class=\"aligncenter size-full wp-image-1252\" alt=\"DSC00054k\" src=\"https:\/\/liebevolles-handgemacht.de\/wp-content\/uploads\/2015\/06\/DSC00054k.jpg\" width=\"600\" height=\"450\" \/><\/a>Kleiner Mann mit gro\u00dfer Kappe!<\/p>\n<p style=\"text-align: center;\"><a href=\"https:\/\/liebevolles-handgemacht.de\/wp-content\/uploads\/2015\/06\/Melvin-unterm-Bett.png\"><img loading=\"lazy\" decoding=\"async\" class=\"aligncenter size-full wp-image-1262\" alt=\"Melvin unterm Bett\" src=\"https:\/\/liebevolles-handgemacht.de\/wp-content\/uploads\/2015\/06\/Melvin-unterm-Bett.png\" width=\"909\" height=\"567\" \/><\/a>Melvin hat sich oft in ausweglose Situationen gebracht mit seiner Neugierde alles zu entdecken. Mal steckte er unter dem Bett fest, mal in der Spielkiste, in der Spielscheune, in der Schublade oder hinter dem Fernseher. Er war sehr schnell sehr mobil und nicht aufzuhalten.<\/p>\n<p style=\"text-align: center;\"><a href=\"https:\/\/liebevolles-handgemacht.de\/wp-content\/uploads\/2015\/06\/DSC00172k.jpg\"><img loading=\"lazy\" decoding=\"async\" class=\"aligncenter size-full wp-image-1255\" alt=\"DSC00172k\" src=\"https:\/\/liebevolles-handgemacht.de\/wp-content\/uploads\/2015\/06\/DSC00172k.jpg\" width=\"600\" height=\"450\" \/><\/a>Timon gefiel das nicht unbedingt, denn seine Spielsachen waren nirgendwo sicher. Melvin interessierte sich nicht f\u00fcr langweiliges Babyspielzeug, er wollte richtiges Spielzeug. Um so sch\u00f6ner waren f\u00fcr ihn die Morgende an denen Timon im Kindergarten war. Dann konnte er ungest\u00f6rt mit den gro\u00dfen Playmobilsachen und den Treckern spielen.<\/p>\n<p style=\"text-align: center;\"><a href=\"https:\/\/liebevolles-handgemacht.de\/wp-content\/uploads\/2015\/06\/DSC00079k.jpg\"><img loading=\"lazy\" decoding=\"async\" class=\"aligncenter size-full wp-image-1254\" alt=\"DSC00079k\" src=\"https:\/\/liebevolles-handgemacht.de\/wp-content\/uploads\/2015\/06\/DSC00079k.jpg\" width=\"600\" height=\"450\" \/><\/a>Von Schlafen hielt Melvin nicht allzuviel, das wurde kurz nebenbei erledigt. Mal hier 10 Min., im Kinderwagen 20 Min.. Aber es gab so viel zu entdecken, er wollte nichts verpassen. Wenn er schlief, dann am liebsten in Bauchlage auf seinem Lukas.<\/p>\n<p style=\"text-align: center;\"><a href=\"https:\/\/liebevolles-handgemacht.de\/wp-content\/uploads\/2015\/06\/DSC00174k.jpg\"><img loading=\"lazy\" decoding=\"async\" class=\"aligncenter size-full wp-image-1256\" alt=\"DSC00174k\" src=\"https:\/\/liebevolles-handgemacht.de\/wp-content\/uploads\/2015\/06\/DSC00174k.jpg\" width=\"600\" height=\"450\" \/><\/a>Aber meistens reichte ein kleines Nickerchen auf dem Boden. Mitten im Spiel, kurz den Kopf zur Seite gelegt und geschlafen, bevor es jemand mitbekommen hat war er schon wieder wach!<\/p>\n<p style=\"text-align: center;\"><a href=\"https:\/\/liebevolles-handgemacht.de\/wp-content\/uploads\/2015\/06\/DSC00044k.jpg\"><img loading=\"lazy\" decoding=\"async\" class=\"aligncenter size-full wp-image-1251\" alt=\"DSC00044k\" src=\"https:\/\/liebevolles-handgemacht.de\/wp-content\/uploads\/2015\/06\/DSC00044k.jpg\" width=\"450\" height=\"600\" \/><\/a>Sehr gl\u00fccklich war Melvin als er endlich in den gro\u00dfen Kindersitz durfte. Den Blick nach vorne, um alles mitbekommen. Jetzt gab es keinen Grund mehr im Auto zu schlafen. Timon nannte Melvin immer sein kleiner Mopsi, wir haben ihn meistens Melvinius Hasenpups genannt. Wenn er wieder etwas angestellt hatte, brauchte ich nur zu rufen: &#8222;Melvinius Hasenpups&#8220;, dann wusste er Bescheid und fing an zu lachen.<\/p>\n<p style=\"text-align: center;\"><a href=\"https:\/\/liebevolles-handgemacht.de\/wp-content\/uploads\/2015\/06\/DSC00188k.jpg\"><img loading=\"lazy\" decoding=\"async\" class=\"aligncenter size-full wp-image-1257\" alt=\"DSC00188k\" src=\"https:\/\/liebevolles-handgemacht.de\/wp-content\/uploads\/2015\/06\/DSC00188k.jpg\" width=\"600\" height=\"450\" \/><\/a>Bei diesem Ausflug auf einen Abenteuerspielplatz musste er die meiste Zeit auf der Decke verbringen, w\u00e4hrend die Anderen unterwegs waren. Das hat ihm gar nicht gefallen, er wollte immer dabei sein. Im Sommer gab es mal eine gef\u00e4hrliche Situation. Wir waren bei meiner Schw\u00e4gerin zu Besuch, sie hatte f\u00fcr die Gr\u00f6\u00dferen das Planschbecken aufgebaut. Melvin sa\u00df auf dem Rasen und spielte mit einer gro\u00dfen Gie\u00dfkanne voll Wasser. Er hat die Brause der Gie\u00dfkanne in die \u00d6ffnung getaucht und dann seine Hand hochgehoben. Das Wasser lief ihm dann am Arm runter. Damit war er eine ganze Weile besch\u00e4ftigt. Ich bin ins Haus gegangen um etwas zu holen. Kurz darauf kam meine Schw\u00e4gerin hinterher. Wir haben kurz erz\u00e4hlt und nicht dar\u00fcber nachgedacht, dass die Kinder alleine drau\u00dfen sind. Auf einmal rief die Nachbarin. Wir sind rausgelaufen und sahen dass Melvin einmal quer durch das Plaschbecken gekrabbelt war. Er war pitschnass und strahlte uns an. Ich hatte Herzklopfen weil ich wusste das diese Situation anders h\u00e4tte ausgehen k\u00f6nnen!<\/p>\n<p style=\"text-align: center;\"><a href=\"https:\/\/liebevolles-handgemacht.de\/wp-content\/uploads\/2015\/06\/DSC00292k.jpg\"><img loading=\"lazy\" decoding=\"async\" class=\"aligncenter size-full wp-image-1258\" alt=\"DSC00292k\" src=\"https:\/\/liebevolles-handgemacht.de\/wp-content\/uploads\/2015\/06\/DSC00292k.jpg\" width=\"600\" height=\"450\" \/><\/a>Melvin hat mich immer an Michel aus L\u00f6nneberga erinnert. Ganz viel dummes Zeug im Kopf, immer f\u00fcr eine \u00dcberraschung gut.<\/p>\n<p style=\"text-align: center;\"><a href=\"https:\/\/liebevolles-handgemacht.de\/wp-content\/uploads\/2015\/06\/k.jpg\"><img loading=\"lazy\" decoding=\"async\" class=\"aligncenter size-full wp-image-1259\" alt=\"k\" src=\"https:\/\/liebevolles-handgemacht.de\/wp-content\/uploads\/2015\/06\/k.jpg\" width=\"600\" height=\"407\" \/><\/a>Timon und Melvin hatten viel Spa\u00df, gemeinsame Kuschelzeit, Spielzeit und Zeit zum Streiten. Meistens hatte Melvin eine Idee und Timon hat dann mitgemacht. Auf den Staubsauger klettern w\u00e4hrend Mama saugt. Wenn Melvin etwas getan hat was verboten war wurde gleich gepetzt, was manchmal auch gut war. &#8222;Mama darf Melvin das Messer?&#8220; Ich hatte ein Sch\u00e4lmesser in der Mitte vom Tisch gelegt, unerreichbar, eigentlich. Doch Melvin hat den Stuhl abgezogen, ist hinaufgeklettert und hat das Messer genommen und das mit gerade 12 Monaten.<\/p>\n<p style=\"text-align: center;\"><a href=\"https:\/\/liebevolles-handgemacht.de\/wp-content\/uploads\/2015\/06\/Hochzeit-Melvin.png\"><img loading=\"lazy\" decoding=\"async\" class=\"aligncenter size-full wp-image-1260\" alt=\"Hochzeit Melvin\" src=\"https:\/\/liebevolles-handgemacht.de\/wp-content\/uploads\/2015\/06\/Hochzeit-Melvin.png\" width=\"905\" height=\"617\" \/><\/a>Melvin hat jeden gleich angestrahlt, hatte keine Angst und Scheu, er hat oft f\u00fcr Timon das Eis gebrochen. Der war Fremden gegen\u00fcber eher zur\u00fcckhaltend musste erst auftauen, wenn wir wo zu Besuch waren.<\/p>\n<p style=\"text-align: center;\"><a href=\"https:\/\/liebevolles-handgemacht.de\/wp-content\/uploads\/2015\/06\/Melvin-Polizist.png\"><img loading=\"lazy\" decoding=\"async\" class=\"aligncenter size-full wp-image-1261\" alt=\"Melvin Polizist\" src=\"https:\/\/liebevolles-handgemacht.de\/wp-content\/uploads\/2015\/06\/Melvin-Polizist.png\" width=\"1120\" height=\"736\" \/><\/a>Dieses Foto ist eins der letzten Fotos, es war Heiligabend. Timon hatte eine Polizeiverkleidung bekommen. Ich habe Melvin die M\u00fctze aufgesetzt, die er gleich wieder vom Kopf genommen hat. Aber ich habe es geschafft, noch schnell ein Foto zu machen! 11 Tage sp\u00e4ter ist er gestorben, an dem Abend wusste ich das irgendetwas nicht stimmt, aber mit der Diagnose Gehirntumor h\u00e4tte ich nie gerechnet. Wir hatten nur 7 Tage um gegen die Krankheit anzuk\u00e4mpfen und den Kampf zu verlieren. 7 Tage voller Hoffen und Bangen, dass alles wieder gut wird. Zwar bin ich froh, dass er nicht so lange k\u00e4mpfen musste, aber ich habe so sehr auf ein Wunder gehofft.<\/p>\n<p style=\"text-align: center;\">Manchmal frage ich mich wie die letzten 10 Jahre verlaufen w\u00e4ren, wenn Melvin nicht gestorben w\u00e4re. W\u00e4re alles ganz anders gekommen oder w\u00fcrden wir heute das Gleiche machen, was wir jetzt machen? W\u00fcrde ich dann auf diesem Blog schreiben?<\/p>\n<p style=\"text-align: center;\">Es war eine schwere Zeit, nicht nur die Zeit ohne Melvin, sondern auch ohne Shannon die nur 5 1\/2 Jahre davor gestorben ist. Diese Jahre haben die Spreu vom Weizen getrennt. Viele Bekanntschaften und vermeintliche Freundschaften sind in die Br\u00fcche gegangen, aber es haben sich auch viele neue Begegnungen ergeben. Ich habe interessante Menschen getroffen. Ich wei\u00df nicht ob Trauer irgendwann abgeschlossen ist, ich glaube man muss einfach mit ihr leben, sie ist ein Teil von uns.<\/p>\n<p style=\"text-align: center;\">Nach au\u00dfen sind wir eine ganz normale Familie, aber f\u00fcr mich f\u00fchlt es sich nie vollst\u00e4ndig an, es fehlt ein gro\u00dfer Teil. Ich glaube wir haben das Beste aus unsere Situation gemacht, haben gemeinsam einen Weg aus dieser Krise gefunden.<\/p>\n","protected":false},"excerpt":{"rendered":"<p>Unser Jahr f\u00e4ngt immer mit einer traurigen Erinnerung an. Am 04.01.2004 starb Melvin mit 18 Monaten an einem Gehirntumor. Es vergeht kein Tag, wo ich nicht an ihn denke. Manchmal kommt mir unsere gemeinsame Zeit vor wie aus einem anderen &hellip; <a href=\"http:\/\/liebevolles-handgemacht.de\/?p=1265\">Weiterlesen <span class=\"meta-nav\">&rarr;<\/span><\/a><\/p>\n","protected":false},"author":2,"featured_media":0,"comment_status":"open","ping_status":"open","sticky":false,"template":"","format":"standard","meta":{"footnotes":"","_links_to":"","_links_to_target":""},"categories":[3],"tags":[],"class_list":["post-1265","post","type-post","status-publish","format-standard","hentry","category-privates"],"_links":{"self":[{"href":"http:\/\/liebevolles-handgemacht.de\/index.php?rest_route=\/wp\/v2\/posts\/1265","targetHints":{"allow":["GET"]}}],"collection":[{"href":"http:\/\/liebevolles-handgemacht.de\/index.php?rest_route=\/wp\/v2\/posts"}],"about":[{"href":"http:\/\/liebevolles-handgemacht.de\/index.php?rest_route=\/wp\/v2\/types\/post"}],"author":[{"embeddable":true,"href":"http:\/\/liebevolles-handgemacht.de\/index.php?rest_route=\/wp\/v2\/users\/2"}],"replies":[{"embeddable":true,"href":"http:\/\/liebevolles-handgemacht.de\/index.php?rest_route=%2Fwp%2Fv2%2Fcomments&post=1265"}],"version-history":[{"count":1,"href":"http:\/\/liebevolles-handgemacht.de\/index.php?rest_route=\/wp\/v2\/posts\/1265\/revisions"}],"predecessor-version":[{"id":6125,"href":"http:\/\/liebevolles-handgemacht.de\/index.php?rest_route=\/wp\/v2\/posts\/1265\/revisions\/6125"}],"wp:attachment":[{"href":"http:\/\/liebevolles-handgemacht.de\/index.php?rest_route=%2Fwp%2Fv2%2Fmedia&parent=1265"}],"wp:term":[{"taxonomy":"category","embeddable":true,"href":"http:\/\/liebevolles-handgemacht.de\/index.php?rest_route=%2Fwp%2Fv2%2Fcategories&post=1265"},{"taxonomy":"post_tag","embeddable":true,"href":"http:\/\/liebevolles-handgemacht.de\/index.php?rest_route=%2Fwp%2Fv2%2Ftags&post=1265"}],"curies":[{"name":"wp","href":"https:\/\/api.w.org\/{rel}","templated":true}]}}