{"id":1430,"date":"2014-01-31T18:14:48","date_gmt":"2014-01-31T17:14:48","guid":{"rendered":"http:\/\/www.liebevoll-puppen.de\/?p=1430"},"modified":"2015-07-17T14:42:11","modified_gmt":"2015-07-17T14:42:11","slug":"plananderung","status":"publish","type":"post","link":"http:\/\/liebevolles-handgemacht.de\/?p=1430","title":{"rendered":"Plan\u00e4nderung"},"content":{"rendered":"<p style=\"text-align: center;\"><strong><span style=\"color: #62225e;\">In der letzten Woche gab es hier bei mir eine Plan\u00e4nderung, ganz spontan die alles was ich geplant hatte \u00fcber den Haufen wirft!<\/span><\/strong><\/p>\n<p style=\"text-align: center;\"><strong><span style=\"color: #62225e;\">&#8222;Leben ist das, was passiert, w\u00e4hrend du eifrig dabei bist andere Pl\u00e4ne zu machen!&#8220; (John Lennon)<\/span><\/strong><\/p>\n<p style=\"text-align: center;\">Ich mag dieses Zitat, es ist schlicht und absolut passend und ist so in der vergangenen Woche bei mir passiert! Am vergangenen Freitag bekam ich einen Anruf mit einem Jobangebot in einer Kindertagesst\u00e4tte f\u00fcr 30 Stunden in der Woche. Ich bin gelernte Erzieherin und seit insgesamt 8 Jahren nicht mehr in meinem Beruf am arbeiten. Seit dieser Zeit habe ich unterschiedliche Fortbildungen zur Kursleiterin gemacht und Kurse gegeben, Babymassage, Kinderyoga, Musikerziehung, Sprachf\u00f6rderung, DELFI. Ach ja und nebenbei auch gen\u00e4ht!<\/p>\n<p style=\"text-align: center;\">Nat\u00fcrlich habe ich immer mal wieder \u00fcberlegt ins Berufsleben einzusteigen, je l\u00e4nger man raus ist desto schwieriger wird es nat\u00fcrlich. Allerdings die Aussicht meine Kurse und die N\u00e4herei aufgeben zu m\u00fcssen, haben mich daran gehindert es wirklich zu machen.<\/p>\n<p style=\"text-align: center;\">Und dann der Anruf! Da sie sofort jemanden brauchten musste ich mich \u00fcber das Wochenende entscheiden. Also habe ich F\u00fcr und Wider gegeneinander abgewogen, aber das F\u00fcr war ganz deutlich in der \u00dcberzahl. Am Montag gab es ein Gespr\u00e4ch und am kommenden Montag werde ich in der Kita anfangen.<\/p>\n<p style=\"text-align: center;\">Die Woche war wirklich anstrengend. Ich musste Ersatz f\u00fcr meine DELFI Kurse finden, den M\u00fcttern die Botschaft \u00fcberbringen, na ja und mich um etliche Unterlagen k\u00fcmmern die man so braucht, wenn man eine neue Stelle antritt. Ich hatte alle m\u00f6glichen Gef\u00fchlslagen, aber jetzt bin ich gl\u00fccklich und denke es ist die richtige Entscheidung und vor allen der richtige Zeitpunkt.<\/p>\n<div id=\"attachment_1429\" style=\"width: 610px\" class=\"wp-caption aligncenter\"><a href=\"https:\/\/liebevolles-handgemacht.de\/wp-content\/uploads\/2015\/06\/IMG_0153k.jpg\"><img loading=\"lazy\" decoding=\"async\" aria-describedby=\"caption-attachment-1429\" class=\" wp-image-1429\" alt=\"IMG_0153k\" src=\"https:\/\/liebevolles-handgemacht.de\/wp-content\/uploads\/2015\/06\/IMG_0153k.jpg\" width=\"600\" height=\"400\" \/><\/a><p id=\"caption-attachment-1429\" class=\"wp-caption-text\">Stickdatei Sew Dreams Lovely Monstas<\/p><\/div>\n<p style=\"text-align: center;\">So kann ich in Moment keine genaue Vorraussage machen wie es hier im Blog weitergeht. Ich habe weiterhin Lust hier zu schreiben und euch neue N\u00e4harbeiten und Anleitungen zu pr\u00e4sentieren. Aber zun\u00e4chst geht die Arbeit vor, es wird sicher eine gro\u00dfe Umstellung und ich glaube nicht das ich in der ersten Zeit allzuviel Energie f\u00fcr Anderes habe. Also habt ein bisschen Geduld auch wenn es zun\u00e4chst etwas ruhiger wird.<\/p>\n<p style=\"text-align: center;\">Besonders gefreut habe ich mich \u00fcber die vielen positven Reaktionen, von meiner Familie, Freunden, Bekannten und DELFI M\u00fcttern. Und das ich so unkompliziert meinen DELFI Kurs in gute H\u00e4nde abgeben konnte. Danke daf\u00fcr!<\/p>\n<p style=\"text-align: center;\"><strong><span style=\"color: #62225e;\">Denkt an das Gewinnspiel, es l\u00e4uft noch bis Sonntag! Es ist noch Platz im Lostopf, also h\u00fcpft rein. Ich w\u00fcnsche euch allen ein sch\u00f6nes Wochenende. Morgen mache ich einen tollen Ausflug, aber dazu sp\u00e4ter mehr. LIEBEVOLLe Gr\u00fc\u00dfe Dini<\/span><\/strong><\/p>\n","protected":false},"excerpt":{"rendered":"<p>In der letzten Woche gab es hier bei mir eine Plan\u00e4nderung, ganz spontan die alles was ich geplant hatte \u00fcber den Haufen wirft! &#8222;Leben ist das, was passiert, w\u00e4hrend du eifrig dabei bist andere Pl\u00e4ne zu machen!&#8220; (John Lennon) Ich &hellip; <a href=\"http:\/\/liebevolles-handgemacht.de\/?p=1430\">Weiterlesen <span class=\"meta-nav\">&rarr;<\/span><\/a><\/p>\n","protected":false},"author":2,"featured_media":0,"comment_status":"open","ping_status":"open","sticky":false,"template":"","format":"standard","meta":{"footnotes":"","_links_to":"","_links_to_target":""},"categories":[3],"tags":[],"class_list":["post-1430","post","type-post","status-publish","format-standard","hentry","category-privates"],"_links":{"self":[{"href":"http:\/\/liebevolles-handgemacht.de\/index.php?rest_route=\/wp\/v2\/posts\/1430","targetHints":{"allow":["GET"]}}],"collection":[{"href":"http:\/\/liebevolles-handgemacht.de\/index.php?rest_route=\/wp\/v2\/posts"}],"about":[{"href":"http:\/\/liebevolles-handgemacht.de\/index.php?rest_route=\/wp\/v2\/types\/post"}],"author":[{"embeddable":true,"href":"http:\/\/liebevolles-handgemacht.de\/index.php?rest_route=\/wp\/v2\/users\/2"}],"replies":[{"embeddable":true,"href":"http:\/\/liebevolles-handgemacht.de\/index.php?rest_route=%2Fwp%2Fv2%2Fcomments&post=1430"}],"version-history":[{"count":1,"href":"http:\/\/liebevolles-handgemacht.de\/index.php?rest_route=\/wp\/v2\/posts\/1430\/revisions"}],"predecessor-version":[{"id":6112,"href":"http:\/\/liebevolles-handgemacht.de\/index.php?rest_route=\/wp\/v2\/posts\/1430\/revisions\/6112"}],"wp:attachment":[{"href":"http:\/\/liebevolles-handgemacht.de\/index.php?rest_route=%2Fwp%2Fv2%2Fmedia&parent=1430"}],"wp:term":[{"taxonomy":"category","embeddable":true,"href":"http:\/\/liebevolles-handgemacht.de\/index.php?rest_route=%2Fwp%2Fv2%2Fcategories&post=1430"},{"taxonomy":"post_tag","embeddable":true,"href":"http:\/\/liebevolles-handgemacht.de\/index.php?rest_route=%2Fwp%2Fv2%2Ftags&post=1430"}],"curies":[{"name":"wp","href":"https:\/\/api.w.org\/{rel}","templated":true}]}}