{"id":1444,"date":"2014-02-06T20:39:19","date_gmt":"2014-02-06T19:39:19","guid":{"rendered":"http:\/\/www.liebevoll-puppen.de\/?p=1444"},"modified":"2015-07-17T14:41:02","modified_gmt":"2015-07-17T14:41:02","slug":"die-ersten-arbeitstage-sind-rum","status":"publish","type":"post","link":"http:\/\/liebevolles-handgemacht.de\/?p=1444","title":{"rendered":"Die ersten Arbeitstage sind rum"},"content":{"rendered":"<p style=\"text-align: center;\"><strong><span style=\"color: #6e205a;\">Meine ersten Tage in der Kita (immer will ich Kindergarten sagen!) sind rum, noch ist alles ungewohnt und neu. Die Kinder haben mich sehr gut aufgenommen, das Team auch, von den Eltern habe ich noch nicht soviel mitbekommen, aber viele kenne ich schon aus meinen DELFI Kursen.<\/span><\/strong><\/p>\n<div id=\"attachment_1442\" style=\"width: 610px\" class=\"wp-caption aligncenter\"><a href=\"https:\/\/liebevolles-handgemacht.de\/wp-content\/uploads\/2015\/06\/IMG_0158k.jpg\"><img loading=\"lazy\" decoding=\"async\" aria-describedby=\"caption-attachment-1442\" class=\"size-full wp-image-1442\" alt=\"Stickdatei von die Nadelfl\u00fcsterin!\" src=\"https:\/\/liebevolles-handgemacht.de\/wp-content\/uploads\/2015\/06\/IMG_0158k.jpg\" width=\"600\" height=\"400\" \/><\/a><p id=\"caption-attachment-1442\" class=\"wp-caption-text\">Stickdatei von die Nadelfl\u00fcsterin!<\/p><\/div>\n<p style=\"text-align: center;\">Am Schwierigsten wenn man in einem neuen Kindergarten anf\u00e4ngt ist es erstmal den Zeitablauf, die Gruppenregeln und das Material kennen zu lernen, nat\u00fcrlich neben dem Wichtigsten den Kindern! Die Kinder nehmen einen gleich als Bezugsperson an und dann wird man gefragt:&#8220; Kann ich im Nebenraum spielen?&#8220;, &#8222;Kann ich etwas Basteln?&#8220;, &#8222;Ich m\u00f6chte nichts mehr essen!&#8220; Und wenn man die Gruppenregeln noch nicht kennt, kann man nur an eine andere Erzieherin verweisen oder selber nachfragen. Man m\u00f6chte aber auch nicht die ganze Zeit fragen, entscheidet das Eine oder Andere selber, was dann wiederum auch schonmal falsch ist. Die Kinder sind nat\u00fcrlich nicht dumm, jemand der neu ist, ist ein gefundenen Fressen. Und wenn sie schon ahnen das die anderen Erzieherinnen &#8222;nein&#8220; sagen k\u00f6nnten, dann geht man zu der &#8222;Neuen&#8220; die keine Ahnung hat!<\/p>\n<p style=\"text-align: center;\"><a href=\"https:\/\/liebevolles-handgemacht.de\/wp-content\/uploads\/2015\/06\/IMG_0160k.jpg\"><img loading=\"lazy\" decoding=\"async\" class=\"aligncenter size-full wp-image-1443\" alt=\"IMG_0160k\" src=\"https:\/\/liebevolles-handgemacht.de\/wp-content\/uploads\/2015\/06\/IMG_0160k.jpg\" width=\"600\" height=\"400\" \/><\/a>Aber die Kolleginnen und Kinder sind geduldig mit mir und manchmal muss etwas was ich schon zugesagt hatte wieder zur\u00fcck genommen werden. Ich habe heute \u00fcberlegt was den Erzieherinnen Beruf so anstrengend macht, die Meisten glauben die Lautst\u00e4rke der Kinder! Ich finde aber es die Vorbildfunktion die man als Erzieherin hat, man sollte sich immer korrekt verhalten, das richtige sagen. Die Kinder beobachten einen ganz genau und es entgeht ihnen nichts. Wenn der eine ein Fehlverhalten nicht bemerkt hat, bemerken es mindestens zwei Andere. Und 81\/2 Stunden (an manchen Tagen) unter Beobachtung und pr\u00e4sent zu sein ist anstrengend. Auf der Anderen Seite hat der Beruf viele spannende Momente, Kinder sind immer f\u00fcr \u00dcberraschungen gut. Sie sind neugierig, wissbegierig, wollen alles erforschen und entdecken. Manchmal schaffen sie neue Wortkreationen wie &#8222;Heute gibt es Spaghetti Polonaise!&#8220; und k\u00f6nnen herrlich \u00fcber sich selber lachen. Heute habe ich leere N\u00e4hgarnrollen und W\u00e4scheklammern mit in die Kita genommen. Ich brauchte die Sachen nur auf den Tisch legen, es dauterte nicht lange schon waren die Ersten da. &#8222;Was ist das, was machst du da?&#8220; Und dann haben sie damit gespielt, die W\u00e4scheklammern wurden an den Rand der Dose geklammert, dann alle zu einer langen Kette aneinander, danach wurden T\u00fcrme damit geklammert. Die N\u00e4hgarnrollen wurden \u00fcber den Tisch und Boden gerollt, nach Gr\u00f6\u00dfen sortiert und \u00fcbereinander gestapelt. Ich k\u00f6nnte jetzt mit jeder Menge Lernziele kommen, was die Kinder bei diesen zwei T\u00e4tigkeiten alles gelernt haben. Ich lasse es! Wichtig ist sie hatten jede Menge Spa\u00df, haben gelacht und sind miteinander ins Gespr\u00e4ch gekommen.<\/p>\n<p style=\"text-align: center;\"><strong><span style=\"color: #6e205a;\">Um noch kurz auf die Fotos zu kommen. Ich habe meine Termine eigentlich inzwischen elektronisch, es hat lange gedauert bis ich mich daran gew\u00f6hnt habe. Aber f\u00fcr die Kita finde ich es unpraktisch, also habe ich mir f\u00fcr einen Taschekalender eine Wollfilzh\u00fclle gen\u00e4ht. <\/span><\/strong><\/p>\n<p style=\"text-align: center;\"><strong><span style=\"color: #6e205a;\">So euch jetzt schon mal ein sch\u00f6nes Wochenende, ich muss noch einen halben Tag arbeiten, dann ist die erste Arbeitswoche auch schon rum! LIEBEVOLLe Gr\u00fc\u00dfe Dini<\/span><\/strong><\/p>\n","protected":false},"excerpt":{"rendered":"<p>Meine ersten Tage in der Kita (immer will ich Kindergarten sagen!) sind rum, noch ist alles ungewohnt und neu. Die Kinder haben mich sehr gut aufgenommen, das Team auch, von den Eltern habe ich noch nicht soviel mitbekommen, aber viele &hellip; <a href=\"http:\/\/liebevolles-handgemacht.de\/?p=1444\">Weiterlesen <span class=\"meta-nav\">&rarr;<\/span><\/a><\/p>\n","protected":false},"author":2,"featured_media":0,"comment_status":"open","ping_status":"open","sticky":false,"template":"","format":"standard","meta":{"footnotes":"","_links_to":"","_links_to_target":""},"categories":[3],"tags":[],"class_list":["post-1444","post","type-post","status-publish","format-standard","hentry","category-privates"],"_links":{"self":[{"href":"http:\/\/liebevolles-handgemacht.de\/index.php?rest_route=\/wp\/v2\/posts\/1444","targetHints":{"allow":["GET"]}}],"collection":[{"href":"http:\/\/liebevolles-handgemacht.de\/index.php?rest_route=\/wp\/v2\/posts"}],"about":[{"href":"http:\/\/liebevolles-handgemacht.de\/index.php?rest_route=\/wp\/v2\/types\/post"}],"author":[{"embeddable":true,"href":"http:\/\/liebevolles-handgemacht.de\/index.php?rest_route=\/wp\/v2\/users\/2"}],"replies":[{"embeddable":true,"href":"http:\/\/liebevolles-handgemacht.de\/index.php?rest_route=%2Fwp%2Fv2%2Fcomments&post=1444"}],"version-history":[{"count":2,"href":"http:\/\/liebevolles-handgemacht.de\/index.php?rest_route=\/wp\/v2\/posts\/1444\/revisions"}],"predecessor-version":[{"id":6109,"href":"http:\/\/liebevolles-handgemacht.de\/index.php?rest_route=\/wp\/v2\/posts\/1444\/revisions\/6109"}],"wp:attachment":[{"href":"http:\/\/liebevolles-handgemacht.de\/index.php?rest_route=%2Fwp%2Fv2%2Fmedia&parent=1444"}],"wp:term":[{"taxonomy":"category","embeddable":true,"href":"http:\/\/liebevolles-handgemacht.de\/index.php?rest_route=%2Fwp%2Fv2%2Fcategories&post=1444"},{"taxonomy":"post_tag","embeddable":true,"href":"http:\/\/liebevolles-handgemacht.de\/index.php?rest_route=%2Fwp%2Fv2%2Ftags&post=1444"}],"curies":[{"name":"wp","href":"https:\/\/api.w.org\/{rel}","templated":true}]}}