{"id":1595,"date":"2014-04-13T20:49:44","date_gmt":"2014-04-13T18:49:44","guid":{"rendered":"http:\/\/www.liebevoll-puppen.de\/?p=1595"},"modified":"2015-07-13T16:49:06","modified_gmt":"2015-07-13T16:49:06","slug":"foto-und-tage-sammel-buch","status":"publish","type":"post","link":"http:\/\/liebevolles-handgemacht.de\/?p=1595","title":{"rendered":"Foto-und-Tage-sammel-Buch"},"content":{"rendered":"<p style=\"text-align: center;\"><strong><span style=\"color: #a10c15;\">Ich wei\u00df nicht so richtig wie ich mein neues N\u00e4hwerk nennen soll! Deshalb werde ich es euch etwas genauer erkl\u00e4ren. Dieses Stoffbuch kann unterschiedlich genutzt werden. Nat\u00fcrlich k\u00f6nnte man es einfach mit Fotos f\u00fcllen, so h\u00e4tte man ein Fotoalbum f\u00fcr die Kleinen.<\/span><\/strong><\/p>\n<div id=\"attachment_1590\" style=\"width: 610px\" class=\"wp-caption aligncenter\"><a href=\"https:\/\/liebevolles-handgemacht.de\/wp-content\/uploads\/2015\/06\/IMG_0458k.jpg\"><img loading=\"lazy\" decoding=\"async\" aria-describedby=\"caption-attachment-1590\" class=\" wp-image-1590\" alt=\"IMG_0458k\" src=\"https:\/\/liebevolles-handgemacht.de\/wp-content\/uploads\/2015\/06\/IMG_0458k.jpg\" width=\"600\" height=\"400\" \/><\/a><p id=\"caption-attachment-1590\" class=\"wp-caption-text\">Auf dem Foto ist mein Sohn Melvin, nur das es nicht zur Verwirrung kommt!<\/p><\/div>\n<p style=\"text-align: center;\">Es kann aber auch als Kommunikationsbuch benutzt werden f\u00fcr Kinder die noch nicht sprechen k\u00f6nnen, z. B. die t\u00e4glich bei der Oma oder einer Tagesmutter sind, weil Mama arbeitet. So k\u00f6nnen kleine Zettel mit Notizen hineingesteckt werden, womit sich das Kind besch\u00e4ftigt hat.<\/p>\n<p style=\"text-align: center;\"><a href=\"https:\/\/liebevolles-handgemacht.de\/wp-content\/uploads\/2015\/06\/IMG_0459k.jpg\"><img loading=\"lazy\" decoding=\"async\" class=\"aligncenter size-full wp-image-1591\" alt=\"IMG_0459k\" src=\"https:\/\/liebevolles-handgemacht.de\/wp-content\/uploads\/2015\/06\/IMG_0459k.jpg\" width=\"600\" height=\"400\" \/><\/a>Oder erste gemalte Kunstwerke oder Papierschnipsel die zerrissen wurden, k\u00f6nnen dort hineingeschoben werden. So sind die Kinder nicht nur darauf angewiesen, dass die Oma oder die Tagesmutter von ihren Tag erz\u00e4hlen, sondern das Kind kann Mama und Papa zeigen was es so gemacht hat. Auf der anderen Seite, k\u00f6nnen Mama und Papa kleine Notizen f\u00fcr Oma aufschreiben, wenn es irgendwelche Besonderheiten mit dem Kind gab. Vielleicht eine schlechte Nacht, wenn das Kind schon sehr fr\u00fch morgens wach war oder wenn das Kind heute keine Windel tr\u00e4gt.<\/p>\n<p style=\"text-align: center;\">Ich wei\u00df das es nat\u00fcrlich schneller geht wenn die Mutter es eben der Oma sagt, aber hier geht es darum das Kind mit einzubeziehen. Es ist sch\u00f6n wenn es zum Ritual wird mit dem Buch in der Hand oder im Rucksack anzukommen und als Erstes das Buch zu zeigen. Vielleicht kann dieses Ritual dann auch den Abschied erleichtern, weil das Kind gleich etwas zu tun hat und mit der Oma oder Tagesmutter ins Gespr\u00e4ch kommt.<\/p>\n<p style=\"text-align: center;\"><a href=\"https:\/\/liebevolles-handgemacht.de\/wp-content\/uploads\/2015\/06\/IMG_0460k.jpg\"><img loading=\"lazy\" decoding=\"async\" class=\"aligncenter size-full wp-image-1592\" alt=\"IMG_0460k\" src=\"https:\/\/liebevolles-handgemacht.de\/wp-content\/uploads\/2015\/06\/IMG_0460k.jpg\" width=\"600\" height=\"400\" \/><\/a>Es geht darum dem Kind schon ein bisschen Selbst\u00e4ndigkeit zu erm\u00f6glichen. \u00dcber die Woche kann sich da einiges ansammeln und am Ende der Woche wird es dann gemeinsam ausgeleert, einige Sachen vielleicht in einer Erinnerungskiste getan, dann kann eine neue Woche beginnen. Dieses Buch kann auch bei Kindern mit besonderen Bed\u00fcrfnissen eingesetzt werden und zum t\u00e4glichen Ritual zwischen Elternhaus und Tagesmutter oder Kindergarten werden.<\/p>\n<p style=\"text-align: center;\"><a href=\"https:\/\/liebevolles-handgemacht.de\/wp-content\/uploads\/2015\/06\/IMG_0461k.jpg\"><img loading=\"lazy\" decoding=\"async\" class=\"aligncenter size-full wp-image-1593\" alt=\"IMG_0461k\" src=\"https:\/\/liebevolles-handgemacht.de\/wp-content\/uploads\/2015\/06\/IMG_0461k.jpg\" width=\"600\" height=\"400\" \/><\/a>Am Ende des Buches ist ein kleines Rei\u00dfverschlu\u00dffach, wo z.B. ein Stein der aufgesammelt wurde oder das Schirmchen vom Eisessen aufbewahrt werden und so ergeben sich von alleine Erz\u00e4hlanl\u00e4sse. An den Zipper habe ich ein Satinband mit ein paar Perlen gemacht, damit sich der Rei\u00dfverschlu\u00df leichter aufziehen l\u00e4sst. Nat\u00fcrlich ist das Buch auch f\u00fcr Kinder geeignet die sprechen k\u00f6nnen!<\/p>\n<p style=\"text-align: center;\"><a href=\"https:\/\/liebevolles-handgemacht.de\/wp-content\/uploads\/2015\/06\/IMG_0462k.jpg\"><img loading=\"lazy\" decoding=\"async\" class=\"aligncenter size-full wp-image-1594\" alt=\"IMG_0462k\" src=\"https:\/\/liebevolles-handgemacht.de\/wp-content\/uploads\/2015\/06\/IMG_0462k.jpg\" width=\"600\" height=\"400\" \/><\/a>Damit sich die Seiten besser bl\u00e4ttern lassen habe ich Webb\u00e4nder mit eingearbeitet, so gelingt es auch den Kleinsten die Seiten umzubl\u00e4ttern.<\/p>\n<p style=\"text-align: center;\"><strong><span style=\"color: #a10c15;\">Morgen ist der erste Ferientag, zumindest f\u00fcr Timon. Aber diese Woche hat nur 4 Arbeitstage, die sind sicher schnell um. Und ich habe noch einiges bis Ostern zu erledigen! Euch noch einen sch\u00f6nen Abend, LIEBEVOLLe Gr\u00fc\u00dfe Dini.<br \/>\n<\/span><\/strong><\/p>\n","protected":false},"excerpt":{"rendered":"<p>Ich wei\u00df nicht so richtig wie ich mein neues N\u00e4hwerk nennen soll! Deshalb werde ich es euch etwas genauer erkl\u00e4ren. Dieses Stoffbuch kann unterschiedlich genutzt werden. Nat\u00fcrlich k\u00f6nnte man es einfach mit Fotos f\u00fcllen, so h\u00e4tte man ein Fotoalbum f\u00fcr &hellip; <a href=\"http:\/\/liebevolles-handgemacht.de\/?p=1595\">Weiterlesen <span class=\"meta-nav\">&rarr;<\/span><\/a><\/p>\n","protected":false},"author":2,"featured_media":0,"comment_status":"open","ping_status":"open","sticky":false,"template":"","format":"standard","meta":{"footnotes":"","_links_to":"","_links_to_target":""},"categories":[6],"tags":[],"class_list":["post-1595","post","type-post","status-publish","format-standard","hentry","category-ideen"],"_links":{"self":[{"href":"http:\/\/liebevolles-handgemacht.de\/index.php?rest_route=\/wp\/v2\/posts\/1595","targetHints":{"allow":["GET"]}}],"collection":[{"href":"http:\/\/liebevolles-handgemacht.de\/index.php?rest_route=\/wp\/v2\/posts"}],"about":[{"href":"http:\/\/liebevolles-handgemacht.de\/index.php?rest_route=\/wp\/v2\/types\/post"}],"author":[{"embeddable":true,"href":"http:\/\/liebevolles-handgemacht.de\/index.php?rest_route=\/wp\/v2\/users\/2"}],"replies":[{"embeddable":true,"href":"http:\/\/liebevolles-handgemacht.de\/index.php?rest_route=%2Fwp%2Fv2%2Fcomments&post=1595"}],"version-history":[{"count":1,"href":"http:\/\/liebevolles-handgemacht.de\/index.php?rest_route=\/wp\/v2\/posts\/1595\/revisions"}],"predecessor-version":[{"id":6081,"href":"http:\/\/liebevolles-handgemacht.de\/index.php?rest_route=\/wp\/v2\/posts\/1595\/revisions\/6081"}],"wp:attachment":[{"href":"http:\/\/liebevolles-handgemacht.de\/index.php?rest_route=%2Fwp%2Fv2%2Fmedia&parent=1595"}],"wp:term":[{"taxonomy":"category","embeddable":true,"href":"http:\/\/liebevolles-handgemacht.de\/index.php?rest_route=%2Fwp%2Fv2%2Fcategories&post=1595"},{"taxonomy":"post_tag","embeddable":true,"href":"http:\/\/liebevolles-handgemacht.de\/index.php?rest_route=%2Fwp%2Fv2%2Ftags&post=1595"}],"curies":[{"name":"wp","href":"https:\/\/api.w.org\/{rel}","templated":true}]}}