{"id":1602,"date":"2014-04-16T20:28:19","date_gmt":"2014-04-16T18:28:19","guid":{"rendered":"http:\/\/www.liebevoll-puppen.de\/?p=1602"},"modified":"2015-07-13T16:47:00","modified_gmt":"2015-07-13T16:47:00","slug":"namen-handtucher","status":"publish","type":"post","link":"http:\/\/liebevolles-handgemacht.de\/?p=1602","title":{"rendered":"Namen-Handt\u00fccher"},"content":{"rendered":"<p style=\"text-align: center;\"><strong><span style=\"color: #3f641f;\">Ist heute nicht ein herrlich sch\u00f6ner Fr\u00fchlingstag? Heute Morgen musste ich erstmal am Auto Eiskratzen! Als ich losfuhr waren es gerade 1,5\u00b0, ganz sch\u00f6n schattig. Aber die Temperatur ist im Laufe des Tages doch nach oben geklettert, die Sonne hat kr\u00e4ftig geholfen. Der Blick aus unseren Wohnzimmerfenster ist momentan unschlagbar. Jeder ist wieder von den tollen Rapsfeldern begeistert, ich habe schon viele Fotos bei Facebook gesehen. Aber wir haben diesen tollen Ausblick direkt hinter unseren Haus, es ist wirklich sch\u00f6n!<\/span><\/strong><\/p>\n<p style=\"text-align: center;\"><a href=\"https:\/\/liebevolles-handgemacht.de\/wp-content\/uploads\/2015\/06\/IMG_0469k.jpg\"><img loading=\"lazy\" decoding=\"async\" class=\"aligncenter size-full wp-image-1598\" alt=\"IMG_0469k\" src=\"https:\/\/liebevolles-handgemacht.de\/wp-content\/uploads\/2015\/06\/IMG_0469k.jpg\" width=\"600\" height=\"400\" \/><\/a>Leider stand die Sonne zum Fotografieren gerade etwas ung\u00fcnstig, sonst w\u00fcrde es noch sch\u00f6ner aussehen. An diesem Anblick kann ich mich nicht sattsehen und dieses Jahr ist alles 3 Wochen fr\u00fcher! Trotzdem habe ich den Nachmittag nicht drau\u00dfen verbracht, eigentlich dumm, sondern habe Dusch- und Handt\u00fccher bestickt. Ich hatte schon erz\u00e4hlt das die Kommunionkinder von mir mit Namen bestickte Handt\u00fccher bekommen.<\/p>\n<div id=\"attachment_1599\" style=\"width: 610px\" class=\"wp-caption aligncenter\"><a href=\"https:\/\/liebevolles-handgemacht.de\/wp-content\/uploads\/2015\/06\/IMG_0475k.jpg\"><img loading=\"lazy\" decoding=\"async\" aria-describedby=\"caption-attachment-1599\" class=\" wp-image-1599\" alt=\"IMG_0475k\" src=\"https:\/\/liebevolles-handgemacht.de\/wp-content\/uploads\/2015\/06\/IMG_0475k.jpg\" width=\"600\" height=\"400\" \/><\/a><p id=\"caption-attachment-1599\" class=\"wp-caption-text\">Stickdatei von LieblingsLieblinge Schrift Nummer 7<\/p><\/div>\n<p style=\"text-align: center;\">Heute konnte ich eine neue Schrift-Stickdatei ausprobieren, sie enth\u00e4lt 3 verschiedene Gr\u00f6\u00dfen. So habe ich die M\u00f6glichkeit auch sehr kurze Namen ausdrucksvoll auf ein Handtuch zu bringen. \u00dcber das Ergebnis dieser Schrift war ich hocherfreut. Als n\u00e4chstes werde ich sie auf Wollfilztaschen ausprobieren. Ich mag Taschen auf denen gro\u00df Worte oder Namen gestickt sind.<\/p>\n<p style=\"text-align: center;\"><a href=\"https:\/\/liebevolles-handgemacht.de\/wp-content\/uploads\/2015\/06\/IMG_0476k.jpg\"><img loading=\"lazy\" decoding=\"async\" class=\"aligncenter size-full wp-image-1600\" alt=\"IMG_0476k\" src=\"https:\/\/liebevolles-handgemacht.de\/wp-content\/uploads\/2015\/06\/IMG_0476k.jpg\" width=\"600\" height=\"400\" \/><\/a>Bei den Schrift-Stickdateien sind alle Buchstaben einzeln, die ich dann als Name zusammen setzen muss. Die Schwierigkeit besteht darin die Buchstaben von der H\u00f6he richtig anzuordnen, z.B. ist das e kleiner als das n. Wenn man l\u00e4ngere Worte hat dauert es auch etwas bis man alle Buchstaben passend mit dem richtigen Abstand und H\u00f6he angeordnet hat. Wenn ich mein Stickprogramm nutze habe ich viele verschiedene Schriften zur Auswahl, da kann ich Namen und Worte \u00fcber die Tastertur eingeben. Das geht nat\u00fcrlich schneller, aber manchmal gef\u00e4llt mir der Abstand der Buchstaben nicht, der oft unterschiedlich weit auseinander ist. Man kann dann alle Buchstaben weiter auseinander oder zusammen r\u00fccken, es n\u00fctzt aber nichts wenn einzelne Abst\u00e4nde nicht passen.<\/p>\n<p style=\"text-align: center;\"><a href=\"https:\/\/liebevolles-handgemacht.de\/wp-content\/uploads\/2015\/06\/IMG_0479k.jpg\"><img loading=\"lazy\" decoding=\"async\" class=\"aligncenter size-full wp-image-1601\" alt=\"IMG_0479k\" src=\"https:\/\/liebevolles-handgemacht.de\/wp-content\/uploads\/2015\/06\/IMG_0479k.jpg\" width=\"600\" height=\"400\" \/><\/a>Sehr schwierig finde ich auch die richtige Positionierung auf den Handt\u00fcchern, leider zeigt die Stickmaschine die Position nicht immer sauber an. Ich setze die Namen am Liebsten schr\u00e4g, zumindest wenn kein Motiv dabei ist. Ich finde es sieht etwas sch\u00f6ner aus, aufgelockert, als wenn die Schrift gerade steht. Aber das ist reine Geschmacksache! Vielleicht werde ich unsere Duscht\u00fccher die wir neulich in Gebrauch genommen haben auch noch mit Namen besticken, damit mein Mann endlich wei\u00df welches Handtuch seins ist. Da durfte er sich ein Farbe aussuchen (mittelblau) und f\u00fcr Timon habe ich dunkelgrau ausgesucht. Und immer wenn das dunkelgraue Handtuch benutzt im Badezimmer h\u00e4ngt quengelt er es h\u00e4tte jemand sein Handtuch benutzt. Vielleicht k\u00f6nnen die Namen da Abhilfe schaffen, damit es zu keinen Verwechselungen mehr kommt!<\/p>\n<p style=\"text-align: center;\"><strong><span style=\"color: #3f641f;\">Ich w\u00fcnsche euch noch einen sch\u00f6nen Abend. Ich werde die Handt\u00fccher jetzt noch ein bisschen nachbereiten. Die Endf\u00e4den m\u00fcssen noch eingezogen werden, damit die Stickerei auch nicht wieder aufgeht und es sch\u00f6ner aussieht. Morgen noch arbeiten und dann 4 freie Tage! Ich freue mich schon darauf. <\/span><\/strong><\/p>\n<p style=\"text-align: center;\"><strong><span style=\"color: #3f641f;\">LIEBEVOLLe Gr\u00fc\u00dfe, Dini<\/span><\/strong><\/p>\n","protected":false},"excerpt":{"rendered":"<p>Ist heute nicht ein herrlich sch\u00f6ner Fr\u00fchlingstag? Heute Morgen musste ich erstmal am Auto Eiskratzen! Als ich losfuhr waren es gerade 1,5\u00b0, ganz sch\u00f6n schattig. Aber die Temperatur ist im Laufe des Tages doch nach oben geklettert, die Sonne hat &hellip; <a href=\"http:\/\/liebevolles-handgemacht.de\/?p=1602\">Weiterlesen <span class=\"meta-nav\">&rarr;<\/span><\/a><\/p>\n","protected":false},"author":2,"featured_media":0,"comment_status":"open","ping_status":"open","sticky":false,"template":"","format":"standard","meta":{"footnotes":"","_links_to":"","_links_to_target":""},"categories":[7],"tags":[],"class_list":["post-1602","post","type-post","status-publish","format-standard","hentry","category-dies-das"],"_links":{"self":[{"href":"http:\/\/liebevolles-handgemacht.de\/index.php?rest_route=\/wp\/v2\/posts\/1602","targetHints":{"allow":["GET"]}}],"collection":[{"href":"http:\/\/liebevolles-handgemacht.de\/index.php?rest_route=\/wp\/v2\/posts"}],"about":[{"href":"http:\/\/liebevolles-handgemacht.de\/index.php?rest_route=\/wp\/v2\/types\/post"}],"author":[{"embeddable":true,"href":"http:\/\/liebevolles-handgemacht.de\/index.php?rest_route=\/wp\/v2\/users\/2"}],"replies":[{"embeddable":true,"href":"http:\/\/liebevolles-handgemacht.de\/index.php?rest_route=%2Fwp%2Fv2%2Fcomments&post=1602"}],"version-history":[{"count":1,"href":"http:\/\/liebevolles-handgemacht.de\/index.php?rest_route=\/wp\/v2\/posts\/1602\/revisions"}],"predecessor-version":[{"id":6080,"href":"http:\/\/liebevolles-handgemacht.de\/index.php?rest_route=\/wp\/v2\/posts\/1602\/revisions\/6080"}],"wp:attachment":[{"href":"http:\/\/liebevolles-handgemacht.de\/index.php?rest_route=%2Fwp%2Fv2%2Fmedia&parent=1602"}],"wp:term":[{"taxonomy":"category","embeddable":true,"href":"http:\/\/liebevolles-handgemacht.de\/index.php?rest_route=%2Fwp%2Fv2%2Fcategories&post=1602"},{"taxonomy":"post_tag","embeddable":true,"href":"http:\/\/liebevolles-handgemacht.de\/index.php?rest_route=%2Fwp%2Fv2%2Ftags&post=1602"}],"curies":[{"name":"wp","href":"https:\/\/api.w.org\/{rel}","templated":true}]}}