{"id":1626,"date":"2014-04-20T18:36:59","date_gmt":"2014-04-20T16:36:59","guid":{"rendered":"http:\/\/www.liebevoll-puppen.de\/?p=1626"},"modified":"2015-07-13T16:43:35","modified_gmt":"2015-07-13T16:43:35","slug":"osterfest-xxs","status":"publish","type":"post","link":"http:\/\/liebevolles-handgemacht.de\/?p=1626","title":{"rendered":"Osterfest xxs"},"content":{"rendered":"<p style=\"text-align: center;\"><strong><span style=\"color: #23511f;\">Ich will nicht behaupten das bei uns das Osterfest in den letzten Jahren besonders gro\u00df gefeiert wurde. Aber wenigstens ein paar gef\u00e4rbte Eier, etwas S\u00fc\u00dfes (Nougateier auf die ich mich die ganze Fastenzeit gefreut habe), ein sch\u00f6nes Fr\u00fchst\u00fcck und ein leckeres Mittagessen (bei meinen Eltern) waren drin. In diesem Jahr gibt es nun eine Mager-Ostern-Version.<\/span><\/strong><\/p>\n<div id=\"attachment_1625\" style=\"width: 610px\" class=\"wp-caption aligncenter\"><a href=\"https:\/\/liebevolles-handgemacht.de\/wp-content\/uploads\/2015\/06\/IMG_0480k.jpg\"><img loading=\"lazy\" decoding=\"async\" aria-describedby=\"caption-attachment-1625\" class=\" wp-image-1625\" alt=\"IMG_0480k\" src=\"https:\/\/liebevolles-handgemacht.de\/wp-content\/uploads\/2015\/06\/IMG_0480k.jpg\" width=\"600\" height=\"400\" \/><\/a><p id=\"caption-attachment-1625\" class=\"wp-caption-text\">Nicht mal Eierf\u00e4rben habe ich geschafft!<\/p><\/div>\n<p style=\"text-align: center;\">Was ist passiert? Geplant war ein sch\u00f6ner Osterbrunch bei uns, mit meinen Eltern die ich in diesem Jahr mit Leckereien aus dem Thermomix verw\u00f6hnen wollte. Auch als Dankesch\u00f6n, weil sie mich noch mehr unterst\u00fctzen seit ich am Arbeiten bin. Ohne die Beiden w\u00e4re der Wiedereinstieg nicht so reibungslos verlaufen.<\/p>\n<p style=\"text-align: center;\">Am Gr\u00fcndonnerstag wurde Timon dann krank, erst waren es nur Halsschmerzen, dann kam Fieber dazu. Ich habe fr\u00fcher aufgeh\u00f6rt zu Arbeiten und bin noch mit ihm beim Arzt gewesen. Er hat direkt ein Penicillin verschrieben bekommen. Erst wollte ich noch protestieren, habe es dann aber gelassen. Die n\u00e4chsten zwei Tage waren dann richtig schlimm. Timon ging es wirklich schlecht, immer wieder hoch Fieber, Halsschmerzen und Kopfschmerzen. Im Wechsel war ihm warm oder kalt. Ich habe dann Karfreitag Durchfall bekommen, au\u00dferdem war mir den ganzen Tag schlecht. Bis am sp\u00e4ten Nachmittag habe ich im Bett gelegen und ged\u00f6st und hatte keinen Antrieb aufzustehen.<\/p>\n<p style=\"text-align: center;\">Seit gestern geht es Timon besser (Fieber ist weg) daf\u00fcr ist die Nase zu und er hat einen Reizhusten. Heute Morgen ab f\u00fcnf habe ich wach gelegen. Auf dem rechten Ohr hatte ich ein Schnarchen, welches nur kurz aufh\u00f6rte, wenn ich meinen Mann in die Seite gestupst habe, im linken Ohr h\u00f6rte ich durch die geschlossenen Zimmert\u00fcr Timons Husten. Um halb sechs habe ich mich dann aufgeschwungen, um dem Kind etwas gegen den Reizhusten zu geben. Dann hatten wir beide Hunger und haben jeder ein St\u00fcck Kuchen gegessen, der eigentlich f\u00fcr nachmittags sein sollte. Danach gab es eine Diskussion dar\u00fcber das Timon eigentlich am Montag eine Gro\u00dftante (h\u00f6rt sich total bescheuert an) in M\u00f6nchen-Gladbach besuchen wollte, ich aber der Meinung bin, dass es die Woche keinen Sinn macht, weil er nicht richtig fit ist. Damit verschwand ein maulendes Kind in seinem Zimmer und ich ging wieder ins Bett und startete einen neuen Anlauf noch etwas zu schlafen.<\/p>\n<p style=\"text-align: center;\">War das sch\u00f6n, als vor 10 Jahren am Ostersonntag ein kleiner Junge um 6 Uhr schon aufgeregt vor unseren Bett stand und Ostereier suchen wollte. Damals wusste ich es allerdings nicht zu sch\u00e4tzen und hoffte, dass das Kind bald gr\u00f6\u00dfer wird!!!<\/p>\n<p style=\"text-align: center;\"><strong>Zeitsprung: <\/strong>Ich muss zugeben wenn ich an meine Kindheit zur\u00fcck denke, habe ich mehr Erinnerungen an Weihnachten als an Ostern. An Ostern hat es immer neue Anziehsachen gegeben und mit meiner Mutter Diskussionen, weil es immer zu kalt war um kurze Sachen zu tragen. Ich wei\u00df noch das ich als Kind Sonntagskleidung hatte, die eben nur am Sonntag oder zu besonderen Anl\u00e4ssen getragen wurden. Ostern war dann immer der Auftakt der neuen Fr\u00fchjahr\/Sommer Kollektion, aber eben meistens noch zu kalt f\u00fcr die kurzen Sachen, z.B. R\u00f6cke die ich so gerne getragen habe.<\/p>\n<p style=\"text-align: center;\">Erinnern kann ich mich auch noch, dass ich mit Papa und meiner Cousine am Ostersonntag immer einen Spaziergang an der Weser gemacht habe und der Osterhase dort ganz viele Ostereier verloren hat. Uns ist aber nicht aufgefallen, dass wir jeder mindestens 40 Schokoeier aufgesammelt habe, es zu Hause aber nur ca. 10 Eier waren obwohl wir die Anderen nicht unterwegs gegessen haben. Irgendwie komisch!!! Sp\u00e4ter hatten meine Cousine und ich dann mit meiner j\u00fcngeren Cousine den gleichen Spa\u00df, auch sie hat sich \u00fcber die vielen Schokoeier gefreut. Ich habe viele sch\u00f6ne Kindheitserinnerungen und hoffe das Timon sp\u00e4ter auch so Dankbar auf seine Kindheit zur\u00fcck schauen kann.<\/p>\n<p style=\"text-align: center;\"><strong><span style=\"color: #275d1d;\">Ich hoffe dieses Ostern bleibt also nicht so sehr im Kopf h\u00e4ngen. Au\u00dferdem gab es heute ein leckeres Essen bei meiner Mutter (Gulasch, Kn\u00f6del, Nudeln und Rotkohl) und der Brunch kann nachgeholt werden. Wer sich die Eier auf den Foto oben genau anschaut sieht, dass sie nicht alle gleich aussehen! Seht ihr die unterschiedlichen Farbnuancen?<\/span><\/strong><\/p>\n<p style=\"text-align: center;\"><strong><span style=\"color: #275d1d;\">Euch allen ein ganz sch\u00f6nes Osterfest, mit vielen bunten Eiern und netten Gespr\u00e4chen beim gemeinsamen Essen oder am Osterfeuer!<\/span><\/strong><\/p>\n<p style=\"text-align: center;\"><strong><span style=\"color: #275d1d;\"> LIEBEVOLLe Gr\u00fc\u00dfe, Dini.<\/span><\/strong><\/p>\n<p style=\"text-align: center;\">\n","protected":false},"excerpt":{"rendered":"<p>Ich will nicht behaupten das bei uns das Osterfest in den letzten Jahren besonders gro\u00df gefeiert wurde. Aber wenigstens ein paar gef\u00e4rbte Eier, etwas S\u00fc\u00dfes (Nougateier auf die ich mich die ganze Fastenzeit gefreut habe), ein sch\u00f6nes Fr\u00fchst\u00fcck und ein &hellip; <a href=\"http:\/\/liebevolles-handgemacht.de\/?p=1626\">Weiterlesen <span class=\"meta-nav\">&rarr;<\/span><\/a><\/p>\n","protected":false},"author":2,"featured_media":0,"comment_status":"open","ping_status":"open","sticky":false,"template":"","format":"standard","meta":{"footnotes":"","_links_to":"","_links_to_target":""},"categories":[3,1],"tags":[],"class_list":["post-1626","post","type-post","status-publish","format-standard","hentry","category-privates","category-uncategorized"],"_links":{"self":[{"href":"http:\/\/liebevolles-handgemacht.de\/index.php?rest_route=\/wp\/v2\/posts\/1626","targetHints":{"allow":["GET"]}}],"collection":[{"href":"http:\/\/liebevolles-handgemacht.de\/index.php?rest_route=\/wp\/v2\/posts"}],"about":[{"href":"http:\/\/liebevolles-handgemacht.de\/index.php?rest_route=\/wp\/v2\/types\/post"}],"author":[{"embeddable":true,"href":"http:\/\/liebevolles-handgemacht.de\/index.php?rest_route=\/wp\/v2\/users\/2"}],"replies":[{"embeddable":true,"href":"http:\/\/liebevolles-handgemacht.de\/index.php?rest_route=%2Fwp%2Fv2%2Fcomments&post=1626"}],"version-history":[{"count":1,"href":"http:\/\/liebevolles-handgemacht.de\/index.php?rest_route=\/wp\/v2\/posts\/1626\/revisions"}],"predecessor-version":[{"id":6079,"href":"http:\/\/liebevolles-handgemacht.de\/index.php?rest_route=\/wp\/v2\/posts\/1626\/revisions\/6079"}],"wp:attachment":[{"href":"http:\/\/liebevolles-handgemacht.de\/index.php?rest_route=%2Fwp%2Fv2%2Fmedia&parent=1626"}],"wp:term":[{"taxonomy":"category","embeddable":true,"href":"http:\/\/liebevolles-handgemacht.de\/index.php?rest_route=%2Fwp%2Fv2%2Fcategories&post=1626"},{"taxonomy":"post_tag","embeddable":true,"href":"http:\/\/liebevolles-handgemacht.de\/index.php?rest_route=%2Fwp%2Fv2%2Ftags&post=1626"}],"curies":[{"name":"wp","href":"https:\/\/api.w.org\/{rel}","templated":true}]}}