{"id":1638,"date":"2014-04-23T20:18:45","date_gmt":"2014-04-23T18:18:45","guid":{"rendered":"http:\/\/www.liebevoll-puppen.de\/?p=1638"},"modified":"2015-07-13T16:34:07","modified_gmt":"2015-07-13T16:34:07","slug":"ein-schoner-fruhlingstag","status":"publish","type":"post","link":"http:\/\/liebevolles-handgemacht.de\/?p=1638","title":{"rendered":"Ein sch\u00f6ner Fr\u00fchlingstag"},"content":{"rendered":"<p style=\"text-align: center;\"><strong><span style=\"color: #731b4b;\">Heute war wirklich ein herrlicher Fr\u00fchlingstag! Leider kann ich die sch\u00f6nen Tage nicht richtig genie\u00dfen, weil ich immer wieder schlimme Kopfschmerzen habe, wie immer im Fr\u00fchjahr wenn das Wetter sich st\u00e4ndig \u00e4ndert. Und die Allergiker habe zur Zeit auch nichts zu lachen! Ich wollte euch noch schnell etwas zeigen was ich heute fertig gestellt habe, dann ist mir eingefallen das \u00fcber Facebook vielleicht die Beschenkten es sehen k\u00f6nnten bevor es verschenkt wurde. <\/span><\/strong><\/p>\n<div id=\"attachment_1634\" style=\"width: 610px\" class=\"wp-caption aligncenter\"><a href=\"http:\/\/liebevolles-handgemacht.de\/wp-content\/uploads\/2015\/06\/IMG_0486k.jpg\"><img loading=\"lazy\" decoding=\"async\" aria-describedby=\"caption-attachment-1634\" class=\"size-full wp-image-1634\" alt=\"Stickdatei von Tinimi\" src=\"http:\/\/liebevolles-handgemacht.de\/wp-content\/uploads\/2015\/06\/IMG_0486k.jpg\" width=\"600\" height=\"400\" \/><\/a><p id=\"caption-attachment-1634\" class=\"wp-caption-text\">Stickdatei von Tinimi<\/p><\/div>\n<p style=\"text-align: center;\">Also gibt es nur kleine Ausschnitte gezeigt, sozusagen durchs Schl\u00fcsselloch geschaut. Sp\u00e4ter gibt es dann ein ganzen Foto. Der kleine Spitzohrwichtel von Tinimi ist sehr bezaubernd.<\/p>\n<div id=\"attachment_1635\" style=\"width: 410px\" class=\"wp-caption aligncenter\"><a href=\"http:\/\/liebevolles-handgemacht.de\/wp-content\/uploads\/2015\/06\/IMG_0488k.jpg\"><img loading=\"lazy\" decoding=\"async\" aria-describedby=\"caption-attachment-1635\" class=\"size-full wp-image-1635\" alt=\"Buchstaben von die Krabbel-Krabbe\" src=\"http:\/\/liebevolles-handgemacht.de\/wp-content\/uploads\/2015\/06\/IMG_0488k.jpg\" width=\"400\" height=\"600\" \/><\/a><p id=\"caption-attachment-1635\" class=\"wp-caption-text\">Buchstaben von die Krabbel-Krabbe<\/p><\/div>\n<p style=\"text-align: center;\">Aber auch die Stoffbuchstaben von der Krabbel-Krabbe sind besonders und machen echt was her.<\/p>\n<p style=\"text-align: center;\"><a href=\"http:\/\/liebevolles-handgemacht.de\/wp-content\/uploads\/2015\/06\/IMG_0498k.jpg\"><img loading=\"lazy\" decoding=\"async\" class=\"aligncenter size-full wp-image-1637\" alt=\"IMG_0498k\" src=\"http:\/\/liebevolles-handgemacht.de\/wp-content\/uploads\/2015\/06\/IMG_0498k.jpg\" width=\"600\" height=\"400\" \/><\/a>Hier noch ein s\u00fc\u00dfer kleiner Wichtel der darauf wartet verschenkt zu werden.<\/p>\n<p style=\"text-align: center;\"><a href=\"http:\/\/liebevolles-handgemacht.de\/wp-content\/uploads\/2015\/06\/IMG_0494k.jpg\"><img loading=\"lazy\" decoding=\"async\" class=\"aligncenter size-full wp-image-1636\" alt=\"IMG_0494k\" src=\"http:\/\/liebevolles-handgemacht.de\/wp-content\/uploads\/2015\/06\/IMG_0494k.jpg\" width=\"600\" height=\"400\" \/><\/a>An jeder Menge Puppenk\u00f6pfe arbeite ich aktuell. Hier sind die noch nicht fertig bemalten Fingerpuppenk\u00f6pfe. Im Wohnzimmer wartet ein halber W\u00e4schekorb voller Puppenk\u00f6pfe in verschiedenen Gr\u00f6\u00dfen darauf eine Nase gen\u00e4ht zu bekommen. Danach m\u00fcssen sie mit Trikot bezogen, die Augen und Mundwinkel abgen\u00e4ht und dann bemalt werden.<\/p>\n<p style=\"text-align: center;\"><strong><span style=\"color: #731b4b;\">Deshalb bin ich schon wieder weg. Der Fernseher wartet und dabei kann ich die Nasen n\u00e4hen. Euch einen ganz sch\u00f6nen Abend, LIEBEVOLLe Gr\u00fc\u00dfe Dini.<\/span><\/strong><\/p>\n<p style=\"text-align: center;\">\n<p style=\"text-align: center;\">\n","protected":false},"excerpt":{"rendered":"<p>Heute war wirklich ein herrlicher Fr\u00fchlingstag! Leider kann ich die sch\u00f6nen Tage nicht richtig genie\u00dfen, weil ich immer wieder schlimme Kopfschmerzen habe, wie immer im Fr\u00fchjahr wenn das Wetter sich st\u00e4ndig \u00e4ndert. Und die Allergiker habe zur Zeit auch nichts &hellip; <a href=\"http:\/\/liebevolles-handgemacht.de\/?p=1638\">Weiterlesen <span class=\"meta-nav\">&rarr;<\/span><\/a><\/p>\n","protected":false},"author":2,"featured_media":0,"comment_status":"open","ping_status":"open","sticky":false,"template":"","format":"standard","meta":{"ngg_post_thumbnail":0,"footnotes":"","_links_to":"","_links_to_target":""},"categories":[5],"tags":[],"class_list":["post-1638","post","type-post","status-publish","format-standard","hentry","category-kundenauftrage"],"_links":{"self":[{"href":"http:\/\/liebevolles-handgemacht.de\/index.php?rest_route=\/wp\/v2\/posts\/1638","targetHints":{"allow":["GET"]}}],"collection":[{"href":"http:\/\/liebevolles-handgemacht.de\/index.php?rest_route=\/wp\/v2\/posts"}],"about":[{"href":"http:\/\/liebevolles-handgemacht.de\/index.php?rest_route=\/wp\/v2\/types\/post"}],"author":[{"embeddable":true,"href":"http:\/\/liebevolles-handgemacht.de\/index.php?rest_route=\/wp\/v2\/users\/2"}],"replies":[{"embeddable":true,"href":"http:\/\/liebevolles-handgemacht.de\/index.php?rest_route=%2Fwp%2Fv2%2Fcomments&post=1638"}],"version-history":[{"count":1,"href":"http:\/\/liebevolles-handgemacht.de\/index.php?rest_route=\/wp\/v2\/posts\/1638\/revisions"}],"predecessor-version":[{"id":6077,"href":"http:\/\/liebevolles-handgemacht.de\/index.php?rest_route=\/wp\/v2\/posts\/1638\/revisions\/6077"}],"wp:attachment":[{"href":"http:\/\/liebevolles-handgemacht.de\/index.php?rest_route=%2Fwp%2Fv2%2Fmedia&parent=1638"}],"wp:term":[{"taxonomy":"category","embeddable":true,"href":"http:\/\/liebevolles-handgemacht.de\/index.php?rest_route=%2Fwp%2Fv2%2Fcategories&post=1638"},{"taxonomy":"post_tag","embeddable":true,"href":"http:\/\/liebevolles-handgemacht.de\/index.php?rest_route=%2Fwp%2Fv2%2Ftags&post=1638"}],"curies":[{"name":"wp","href":"https:\/\/api.w.org\/{rel}","templated":true}]}}