{"id":1667,"date":"2014-05-04T19:50:20","date_gmt":"2014-05-04T17:50:20","guid":{"rendered":"http:\/\/www.liebevoll-puppen.de\/?p=1667"},"modified":"2015-07-13T15:51:46","modified_gmt":"2015-07-13T15:51:46","slug":"eine-sehr-stimmungsvolle-kommunionfeier","status":"publish","type":"post","link":"http:\/\/liebevolles-handgemacht.de\/?p=1667","title":{"rendered":"Eine sehr stimmungsvolle Kommunionfeier"},"content":{"rendered":"<p style=\"text-align: center;\"><strong><span style=\"color: #5d1d3f;\">Wir waren heute zu einer Kommunion in Amelunxen eingeladen. Die eigentliche Feier kannte ich schon, weil ich letzte Woche schon auf zwei Kommunionen vom Chor aus gesungen habe. Alle hatten inhaltlich die gleiche Feier, aber jeder Ort hat es etwas unterschiedlich umgesetzt. Ich mag die Amelunxer Kirche, weil sie so hell und freundlich ist, noch dazu schien die Sonne hinein.<\/span><\/strong><\/p>\n<p style=\"text-align: center;\">Als die Kinder einzogen und kurz darauf der &#8222;Projektchor&#8220; sang, hatte ich am ganzen K\u00f6rper eine G\u00e4nsehaut. Die Lieder f\u00fcr die Gemeinde wurde von drei Frauen (darunter zwei M\u00fcttern) durch Keyboard, Geige und Gitarre begleitet. Bei den moderneren Kirchenlieder ist so eine Begleitung viel sch\u00f6ner als an der Orgel, weil die Orgel etwas zu schwerf\u00e4llig ist. Die Kommunionkinder haben ganz alleine sozusagen als Chor ein Lied vorgesungen, da musste ich dann ein Tr\u00e4nchen verdr\u00fccken. Es war wirklich eine sehr stimmungsvolle ber\u00fchrende Kommunionfeier, ohne \u00fcberm\u00e4\u00dfigen Aktionen oder Dekoration, einfach durch die sch\u00f6ne musikalische Begleitung.<\/p>\n<p style=\"text-align: center;\">Hinterher wurden Fotos im<a title=\"Lebensgarten\" href=\"http:\/\/www.google.de\/imgres?imgurl=http%3A%2F%2Fi1.ytimg.com%2Fvi%2Ft-QYhz9FLww%2Fhqdefault.jpg&amp;imgrefurl=http%3A%2F%2Fwww.youtube.com%2Fwatch%3Fv%3Dt-QYhz9FLww&amp;h=360&amp;w=480&amp;tbnid=XKO11I-3pfLCMM%3A&amp;zoom=1&amp;docid=IQRBVQFMoEnAVM&amp;ei=2X9mU6mcEs7n4QTL74DACw&amp;tbm=isch&amp;client=firefox-a&amp;iact=rc&amp;uact=3&amp;dur=366&amp;page=1&amp;start=0&amp;ndsp=37&amp;ved=0CI8BEK0DMBM\" target=\"_blank\"> Lebensgarten<\/a> gemacht, der Lebensgarten ist zu dieser Jahreszeit besonders sch\u00f6n anzuschauen. Wer in der N\u00e4he wohnt und ihn noch nicht gesehen hat, sollte ihn sich unbedingt mal anschauen!<\/p>\n<div id=\"attachment_1666\" style=\"width: 610px\" class=\"wp-caption aligncenter\"><a href=\"http:\/\/liebevolles-handgemacht.de\/wp-content\/uploads\/2015\/06\/IMG_0542k.jpg\"><img loading=\"lazy\" decoding=\"async\" aria-describedby=\"caption-attachment-1666\" class=\"size-full wp-image-1666\" alt=\"Diese Karte ist von meiner Mutter gestaltet worden, wie auch alle von mir verschenkten Karten.\" src=\"http:\/\/liebevolles-handgemacht.de\/wp-content\/uploads\/2015\/06\/IMG_0542k.jpg\" width=\"600\" height=\"400\" \/><\/a><p id=\"caption-attachment-1666\" class=\"wp-caption-text\">Diese Karte ist von meiner Mutter gestaltet worden, wie auch alle von mir verschenkten Karten.<\/p><\/div>\n<p style=\"text-align: center;\">Wir haben einen sch\u00f6nen Tag verbracht mit gutem Essen, netten Gespr\u00e4chen in lieber Gesellschaft. Ein rundum perfekter Tag!<\/p>\n<p style=\"text-align: center;\">Das Wetter war sch\u00f6n sonnig, aber f\u00fcr mich h\u00e4tten es ein paar Grad mehr sein d\u00fcrfen. Immer wenn wir kurz drau\u00dfen waren war es mir wirklich kalt.<\/p>\n<p style=\"text-align: center;\">Timon kam am sp\u00e4ten Nachmittag ganz alleine von M\u00f6nchengladbach mit dem Zug zur\u00fcck. F\u00fcr mich war das ganz sch\u00f6n spannend, ob alles klappt. Als Mutter macht man sich irgendwie immer Sorgen. Er hat schon weitere Besuche dorthin geplant, am Liebsten w\u00e4re er garnicht wieder nach Hause gekommen. Kein Wunder morgen ist schon wieder Schule, jetzt mal drei Wochen ohne Feier- und Br\u00fcckentage!<\/p>\n<p style=\"text-align: center;\"><strong><span style=\"color: #5d1d3f;\">Ich w\u00fcnsche euch einen sch\u00f6nen Abend und einen guten Start in eine neue Woche. LIEBEVOLLe Gr\u00fc\u00dfe Dini.<\/span><\/strong><\/p>\n","protected":false},"excerpt":{"rendered":"<p>Wir waren heute zu einer Kommunion in Amelunxen eingeladen. Die eigentliche Feier kannte ich schon, weil ich letzte Woche schon auf zwei Kommunionen vom Chor aus gesungen habe. Alle hatten inhaltlich die gleiche Feier, aber jeder Ort hat es etwas &hellip; <a href=\"http:\/\/liebevolles-handgemacht.de\/?p=1667\">Weiterlesen <span class=\"meta-nav\">&rarr;<\/span><\/a><\/p>\n","protected":false},"author":2,"featured_media":0,"comment_status":"open","ping_status":"open","sticky":false,"template":"","format":"standard","meta":{"ngg_post_thumbnail":0,"footnotes":"","_links_to":"","_links_to_target":""},"categories":[3],"tags":[],"class_list":["post-1667","post","type-post","status-publish","format-standard","hentry","category-privates"],"_links":{"self":[{"href":"http:\/\/liebevolles-handgemacht.de\/index.php?rest_route=\/wp\/v2\/posts\/1667","targetHints":{"allow":["GET"]}}],"collection":[{"href":"http:\/\/liebevolles-handgemacht.de\/index.php?rest_route=\/wp\/v2\/posts"}],"about":[{"href":"http:\/\/liebevolles-handgemacht.de\/index.php?rest_route=\/wp\/v2\/types\/post"}],"author":[{"embeddable":true,"href":"http:\/\/liebevolles-handgemacht.de\/index.php?rest_route=\/wp\/v2\/users\/2"}],"replies":[{"embeddable":true,"href":"http:\/\/liebevolles-handgemacht.de\/index.php?rest_route=%2Fwp%2Fv2%2Fcomments&post=1667"}],"version-history":[{"count":1,"href":"http:\/\/liebevolles-handgemacht.de\/index.php?rest_route=\/wp\/v2\/posts\/1667\/revisions"}],"predecessor-version":[{"id":6073,"href":"http:\/\/liebevolles-handgemacht.de\/index.php?rest_route=\/wp\/v2\/posts\/1667\/revisions\/6073"}],"wp:attachment":[{"href":"http:\/\/liebevolles-handgemacht.de\/index.php?rest_route=%2Fwp%2Fv2%2Fmedia&parent=1667"}],"wp:term":[{"taxonomy":"category","embeddable":true,"href":"http:\/\/liebevolles-handgemacht.de\/index.php?rest_route=%2Fwp%2Fv2%2Fcategories&post=1667"},{"taxonomy":"post_tag","embeddable":true,"href":"http:\/\/liebevolles-handgemacht.de\/index.php?rest_route=%2Fwp%2Fv2%2Ftags&post=1667"}],"curies":[{"name":"wp","href":"https:\/\/api.w.org\/{rel}","templated":true}]}}