{"id":1725,"date":"2014-05-11T14:40:14","date_gmt":"2014-05-11T12:40:14","guid":{"rendered":"http:\/\/www.liebevoll-puppen.de\/?p=1725"},"modified":"2015-07-13T15:32:15","modified_gmt":"2015-07-13T15:32:15","slug":"liebevolle-muttertagsgedanken","status":"publish","type":"post","link":"http:\/\/liebevolles-handgemacht.de\/?p=1725","title":{"rendered":"LIEBEVOLLe Muttertagsgedanken"},"content":{"rendered":"<p style=\"text-align: center;\"><strong><span style=\"color: #63174a;\">Als Mutter habe ich eine verantwortungsvolle Aufgabe, Tag t\u00e4glich und rund um die Uhr. Ich mache mir viele Sorgen und Gedanken um das Wohlergehen meiner Kinder. T\u00e4glich muss ich abw\u00e4gen was richtig f\u00fcr sie ist, dabei die Interessen des Kindes im Hinterkopf haben, aber auch meine eigenen beim &#8222;sie besch\u00fctzen wollen&#8220; nicht vergessen. Das richtige Ma\u00df finden zwischen festhalten und gehen lassen. Ihnen Steine aus den Weg zu nehmen, sie aber auch mal stolpern zu lassen, um ihnen eigene Erfahrungen zu geben, weil sie aus ihnen am Besten lernen. Ihnen zu zeigen wie sehr sie geliebt werden, ohne sie einzuengen. <\/span><\/strong><\/p>\n<div id=\"attachment_1723\" style=\"width: 610px\" class=\"wp-caption aligncenter\"><a href=\"https:\/\/liebevolles-handgemacht.de\/wp-content\/uploads\/2015\/06\/IMG_0614k.jpg\"><img loading=\"lazy\" decoding=\"async\" aria-describedby=\"caption-attachment-1723\" class=\" wp-image-1723\" title=\"Diesen wundersch\u00f6nen Strau\u00df habe ich von Timon bekommen!\" alt=\"IMG_0614k\" src=\"https:\/\/liebevolles-handgemacht.de\/wp-content\/uploads\/2015\/06\/IMG_0614k.jpg\" width=\"600\" height=\"400\" \/><\/a><p id=\"caption-attachment-1723\" class=\"wp-caption-text\">Diesen wundersch\u00f6nen Strau\u00df habe ich von Timon bekommen!<\/p><\/div>\n<p style=\"text-align: center;\">Ich wei\u00df noch als ich das erste Mal zum Muttertag Blumen bekam. Ich war Mutter aber es f\u00fchlte sich nicht so an. Es war ein gutes halbes Jahr nachdem meine Tochter geboren war, die nur 18 Tage nach der Geburt gestorben ist. Von meinem Mann bekam ich einen Blumenstrau\u00df, der mir zeigen wollte, dass ich Mutter bin. Zu dem Zeitpunkt war ich wieder schwanger und ich hatte sehr gro\u00dfe Angst. Deshalb denke ich an diesem Tag besonders an die M\u00fctter die ohne ihre Kinder leben m\u00fcssen. An solchen Tagen wird es mir schmerzhaft bewusst, dass ich eigentlich drei Kinder h\u00e4tte und Shannon und Melvin so sehr fehlen! Wie ergeht es den M\u00fcttern die ihre Kinder verloren haben und wo kein Kind mehr da ist?<\/p>\n<p style=\"text-align: center;\"><a href=\"https:\/\/liebevolles-handgemacht.de\/wp-content\/uploads\/2015\/06\/IMG_0611k.jpg\"><img loading=\"lazy\" decoding=\"async\" class=\"aligncenter size-full wp-image-1724\" alt=\"IMG_0611k\" src=\"https:\/\/liebevolles-handgemacht.de\/wp-content\/uploads\/2015\/06\/IMG_0611k.jpg\" width=\"600\" height=\"400\" \/><\/a>Timon hat gestern mit Hilfe des Thermomix einen Eierlik\u00f6rkuchen gebacken, mhh lecker. Heute Morgen hat er das Fr\u00fchst\u00fcck gemacht und ich habe einen wundersch\u00f6nen Blumenstrau\u00df bekommen. Habe ich nicht ein gro\u00dfes selbstst\u00e4ndiges Kind?<\/p>\n<p style=\"text-align: center;\">Ich erinnere mich an Muttertag vor mindestens 5 Jahren. Timon hatte bei den Nachbarn \u00fcbernachtet. Am Muttertagmorgen wurde ich von ihm und der Nachbarstochter mit Fr\u00fchst\u00fcck am Bett \u00fcberrascht, um 6.30 Uhr. Ich war noch sehr m\u00fcde, habe mich aber gefreut. Meine Nachbarin hatte schon vor mir Fr\u00fchst\u00fcck ans Bett bekommen, bereits um 5.30 Uhr!!! Da habe ich aber Gl\u00fcck gehabt, dass sie nicht bei uns \u00fcbernachtet hatten und ich so eine Stunde l\u00e4nger schlafen durfte! <img decoding=\"async\" title=\"Wink\" alt=\"Wink\" src=\"https:\/\/www.liebevolles-handgemacht.de\/wp-content\/plugins\/ultimate-tinymce\/addons\/emotions\/img\/smiley-wink.gif\" border=\"0\" \/><\/p>\n<p style=\"text-align: center;\"><strong><span style=\"color: #63174a;\">So ihr lieben M\u00fctter, ich w\u00fcnsche euch noch einen ganz sch\u00f6nen Muttertag! W\u00e4hrend meine beiden M\u00e4nner zum Sch\u00fctzenfest in Tietelsen sind, werde ich jetzt ein St\u00fcck Kuchen essen, einen Mocha trinken und in meinem neuen Buch st\u00f6bern.<\/span><\/strong><\/p>\n<p style=\"text-align: center;\"><span style=\"color: #63174a;\"><strong>LIEBEVOLLe Gr\u00fc\u00dfe Dini.<\/strong><\/span><\/p>\n","protected":false},"excerpt":{"rendered":"<p>Als Mutter habe ich eine verantwortungsvolle Aufgabe, Tag t\u00e4glich und rund um die Uhr. Ich mache mir viele Sorgen und Gedanken um das Wohlergehen meiner Kinder. T\u00e4glich muss ich abw\u00e4gen was richtig f\u00fcr sie ist, dabei die Interessen des Kindes &hellip; <a href=\"http:\/\/liebevolles-handgemacht.de\/?p=1725\">Weiterlesen <span class=\"meta-nav\">&rarr;<\/span><\/a><\/p>\n","protected":false},"author":2,"featured_media":0,"comment_status":"open","ping_status":"open","sticky":false,"template":"","format":"standard","meta":{"footnotes":"","_links_to":"","_links_to_target":""},"categories":[3],"tags":[],"class_list":["post-1725","post","type-post","status-publish","format-standard","hentry","category-privates"],"_links":{"self":[{"href":"http:\/\/liebevolles-handgemacht.de\/index.php?rest_route=\/wp\/v2\/posts\/1725","targetHints":{"allow":["GET"]}}],"collection":[{"href":"http:\/\/liebevolles-handgemacht.de\/index.php?rest_route=\/wp\/v2\/posts"}],"about":[{"href":"http:\/\/liebevolles-handgemacht.de\/index.php?rest_route=\/wp\/v2\/types\/post"}],"author":[{"embeddable":true,"href":"http:\/\/liebevolles-handgemacht.de\/index.php?rest_route=\/wp\/v2\/users\/2"}],"replies":[{"embeddable":true,"href":"http:\/\/liebevolles-handgemacht.de\/index.php?rest_route=%2Fwp%2Fv2%2Fcomments&post=1725"}],"version-history":[{"count":1,"href":"http:\/\/liebevolles-handgemacht.de\/index.php?rest_route=\/wp\/v2\/posts\/1725\/revisions"}],"predecessor-version":[{"id":6071,"href":"http:\/\/liebevolles-handgemacht.de\/index.php?rest_route=\/wp\/v2\/posts\/1725\/revisions\/6071"}],"wp:attachment":[{"href":"http:\/\/liebevolles-handgemacht.de\/index.php?rest_route=%2Fwp%2Fv2%2Fmedia&parent=1725"}],"wp:term":[{"taxonomy":"category","embeddable":true,"href":"http:\/\/liebevolles-handgemacht.de\/index.php?rest_route=%2Fwp%2Fv2%2Fcategories&post=1725"},{"taxonomy":"post_tag","embeddable":true,"href":"http:\/\/liebevolles-handgemacht.de\/index.php?rest_route=%2Fwp%2Fv2%2Ftags&post=1725"}],"curies":[{"name":"wp","href":"https:\/\/api.w.org\/{rel}","templated":true}]}}