{"id":1756,"date":"2014-05-18T20:22:16","date_gmt":"2014-05-18T18:22:16","guid":{"rendered":"http:\/\/www.liebevoll-puppen.de\/?p=1756"},"modified":"2015-07-13T15:26:02","modified_gmt":"2015-07-13T15:26:02","slug":"geburtstagseinladungen-verteilt-und-verschickt","status":"publish","type":"post","link":"http:\/\/liebevolles-handgemacht.de\/?p=1756","title":{"rendered":"Geburtstagseinladungen verteilt und verschickt"},"content":{"rendered":"<p style=\"text-align: center;\"><strong><span style=\"color: #601a3d;\">Jetzt ist das Wochenende schon wieder vorbei, gibt es doch gar nicht! Die letzten Tage war viel los, deshalb konnte ich auch nichts berichten. Nachdem ich am Donnerstag in der G\u00e4rtnerei wegen des Blumenschmucks war, wurde ich entt\u00e4uscht weil es keine Ranunkeln mehr gibt. Die Saison ist vorbei und die die ich bekommen k\u00f6nnte w\u00e4re zu teuer.<\/span><\/strong><\/p>\n<p style=\"text-align: center;\">Ich hatte mich aber so auf diese Blumen eingeschossen, dass mir keine Alternative gefiel. Am Freitag habe ich mir dann \u00fcber Alternativen Gedanken gemacht, im Internet gesucht. Dort stie\u00df ich auf Blumen die aus Servietten gemacht werden.<\/p>\n<div id=\"attachment_1760\" style=\"width: 610px\" class=\"wp-caption aligncenter\"><a href=\"https:\/\/liebevolles-handgemacht.de\/wp-content\/uploads\/2015\/06\/IMG_0680k.jpg\"><img loading=\"lazy\" decoding=\"async\" aria-describedby=\"caption-attachment-1760\" class=\"size-full wp-image-1760\" alt=\"Hier eine Bl\u00fcte ohne Stiel, es war der erste Versuch!\" src=\"https:\/\/liebevolles-handgemacht.de\/wp-content\/uploads\/2015\/06\/IMG_0680k.jpg\" width=\"600\" height=\"400\" \/><\/a><p id=\"caption-attachment-1760\" class=\"wp-caption-text\">Hier eine Bl\u00fcte ohne Stiel, es war der erste Versuch!<\/p><\/div>\n<p style=\"text-align: center;\">Ich war begeistert wie einfach sie zu machen sind und bin spontan nach H\u00f6xter gefahren um Material daf\u00fcr zu besorgen. Aber H\u00f6xter ist nichts anderes wie Beverungen ich habe nicht mal einfache Servietten in rosa und pink gefunden. Dabei habe ich mir die Hacken abgelaufen. Wenigstens habe ich ein paar Schuhe gefunden, somit ist die Kleiderfrage fast abgeschlossen!<\/p>\n<p style=\"text-align: center;\">Dann habe ich k\u00fcnstliche Blumen gesehen, die Heckenrosen \u00e4hnlich sehen. Ich habe hin und her \u00fcberlegt ob ich sie kaufen soll. War mir total unsicher. Von den Farben passen sie super zu meiner Dekoration. Die Zeit lief mir davon, schlie\u00dflich musste ich ab Mittag arbeiten. Ich habe die Blumen dann mitgenommen, aber so richtig gl\u00fccklich bin ich mit dieser L\u00f6sung auch nicht. Aber jetzt ist es so, so wichtig sind die Blumen auch wieder nicht.<\/p>\n<div id=\"attachment_1759\" style=\"width: 610px\" class=\"wp-caption aligncenter\"><a href=\"https:\/\/liebevolles-handgemacht.de\/wp-content\/uploads\/2015\/06\/IMG_0676k.jpg\"><img loading=\"lazy\" decoding=\"async\" aria-describedby=\"caption-attachment-1759\" class=\" wp-image-1759\" alt=\"IMG_0676k\" src=\"https:\/\/liebevolles-handgemacht.de\/wp-content\/uploads\/2015\/06\/IMG_0676k.jpg\" width=\"600\" height=\"400\" \/><\/a><p id=\"caption-attachment-1759\" class=\"wp-caption-text\">Dieses ist die pinke Blume, ich habe sie noch in rosa und offwhite<\/p><\/div>\n<p style=\"text-align: center;\">Meine Einladungen sind dann auch endlich am Donnerstag gekommen. Dank meiner lieben Kollegin Maren die beherzt die Postbotin angehalten, ihr mein Paket abgeluchst hat und es mir dann in die Kita brachte. Sonst h\u00e4tte es erst noch einen Tag in der Packstation verbringen m\u00fcssen und dem Inhalt w\u00e4re das unter Umst\u00e4nden nicht gut bekommen.<\/p>\n<p style=\"text-align: center;\"><strong>Ich wei\u00df ihr seid sicher neugierig was f\u00fcr Einladungen es sind, einige von euch haben sie schon zu sehen bekommen, aber pssst! Ich kann sie euch erst in zwei Tagen zeigen, wenn auch die verschickten Einladungen angekommen sind.<\/strong><\/p>\n<p style=\"text-align: center;\">Ich war begeistert, leider mussten einige Einladungen etwas nachbearbeitet werden. Die Idee ist super genial und die G\u00e4ste denen ich die Einladung schon vorbei gebracht habe waren erst verwirrt, dann begeistert. So viel sei noch verraten, die Sonne die gestern w\u00e4hrend ich die Einladungen verteilt habe auf mein Auto schien, war nicht gut!!!<\/p>\n<p style=\"text-align: center;\">Gestern Abend auf dem Familienfest in Drenke hat der DJ aufgelegt der auf meiner Geburtstagsfeier Musik macht. Ich war vorher etwas nerv\u00f6s, weil ich ihn noch nicht geh\u00f6rt hatte. Aber jetzt bin ich entspannt, es war eine gute Mischung von Musik, nur an der Lautst\u00e4rke da m\u00fcssen wir noch arbeiten. Und den Song &#8222;Atemlos&#8220; von Helene Fischer muss er auch noch besorgen, ohne geht es gar nicht!<\/p>\n<p style=\"text-align: center;\"><strong><span style=\"color: #5b1f3a;\">Das war es an der Geburtstagsplanungsfront. Ich w\u00fcnsche euch einen sch\u00f6nen Abend. Habe ich eigentlich schon erw\u00e4hnt das ich meinen Thermomix nie wieder her geben m\u00f6chte? Im Falle einer Trennung w\u00fcrde ich f\u00fcr ihn das alleinige Sorgerecht beantragen!\u00a0<br \/>\n LIEBEVOLLe Gr\u00fc\u00dfe Dini.<\/span><\/strong><\/p>\n","protected":false},"excerpt":{"rendered":"<p>Jetzt ist das Wochenende schon wieder vorbei, gibt es doch gar nicht! Die letzten Tage war viel los, deshalb konnte ich auch nichts berichten. Nachdem ich am Donnerstag in der G\u00e4rtnerei wegen des Blumenschmucks war, wurde ich entt\u00e4uscht weil es &hellip; <a href=\"http:\/\/liebevolles-handgemacht.de\/?p=1756\">Weiterlesen <span class=\"meta-nav\">&rarr;<\/span><\/a><\/p>\n","protected":false},"author":2,"featured_media":0,"comment_status":"open","ping_status":"open","sticky":false,"template":"","format":"standard","meta":{"footnotes":"","_links_to":"","_links_to_target":""},"categories":[3,1],"tags":[],"class_list":["post-1756","post","type-post","status-publish","format-standard","hentry","category-privates","category-uncategorized"],"_links":{"self":[{"href":"http:\/\/liebevolles-handgemacht.de\/index.php?rest_route=\/wp\/v2\/posts\/1756","targetHints":{"allow":["GET"]}}],"collection":[{"href":"http:\/\/liebevolles-handgemacht.de\/index.php?rest_route=\/wp\/v2\/posts"}],"about":[{"href":"http:\/\/liebevolles-handgemacht.de\/index.php?rest_route=\/wp\/v2\/types\/post"}],"author":[{"embeddable":true,"href":"http:\/\/liebevolles-handgemacht.de\/index.php?rest_route=\/wp\/v2\/users\/2"}],"replies":[{"embeddable":true,"href":"http:\/\/liebevolles-handgemacht.de\/index.php?rest_route=%2Fwp%2Fv2%2Fcomments&post=1756"}],"version-history":[{"count":1,"href":"http:\/\/liebevolles-handgemacht.de\/index.php?rest_route=\/wp\/v2\/posts\/1756\/revisions"}],"predecessor-version":[{"id":6067,"href":"http:\/\/liebevolles-handgemacht.de\/index.php?rest_route=\/wp\/v2\/posts\/1756\/revisions\/6067"}],"wp:attachment":[{"href":"http:\/\/liebevolles-handgemacht.de\/index.php?rest_route=%2Fwp%2Fv2%2Fmedia&parent=1756"}],"wp:term":[{"taxonomy":"category","embeddable":true,"href":"http:\/\/liebevolles-handgemacht.de\/index.php?rest_route=%2Fwp%2Fv2%2Fcategories&post=1756"},{"taxonomy":"post_tag","embeddable":true,"href":"http:\/\/liebevolles-handgemacht.de\/index.php?rest_route=%2Fwp%2Fv2%2Ftags&post=1756"}],"curies":[{"name":"wp","href":"https:\/\/api.w.org\/{rel}","templated":true}]}}