{"id":1764,"date":"2014-05-20T17:40:48","date_gmt":"2014-05-20T15:40:48","guid":{"rendered":"http:\/\/www.liebevoll-puppen.de\/?p=1764"},"modified":"2015-07-13T15:24:04","modified_gmt":"2015-07-13T15:24:04","slug":"mit-der-extra-portion-milch","status":"publish","type":"post","link":"http:\/\/liebevolles-handgemacht.de\/?p=1764","title":{"rendered":"Mit der Extra-Portion Milch!"},"content":{"rendered":"<p style=\"text-align: center;\"><span style=\"color: #f2360c;\"><strong>Da alle Einladungskarten wohl angekommen sind, hoffentlich nicht geschmolzen bei dem Wetter, kann ich sie euch jetzt endlich zeigen!<\/strong><\/span><\/p>\n<div id=\"attachment_1758\" style=\"width: 610px\" class=\"wp-caption aligncenter\"><a href=\"https:\/\/liebevolles-handgemacht.de\/wp-content\/uploads\/2015\/06\/IMG_0672k.jpg\"><img loading=\"lazy\" decoding=\"async\" aria-describedby=\"caption-attachment-1758\" class=\" wp-image-1758\" alt=\"IMG_0672k\" src=\"https:\/\/liebevolles-handgemacht.de\/wp-content\/uploads\/2015\/06\/IMG_0672k.jpg\" width=\"600\" height=\"400\" \/><\/a><p id=\"caption-attachment-1758\" class=\"wp-caption-text\">Das Foto bin ich mit 10 Jahren! Lang ist es her!!!<\/p><\/div>\n<p style=\"text-align: center;\">Ich bin durch Zufall bei DaWanda auf diese Einladung gesto\u00dfen! Sie wurde auf der Hauptseite beworben. Weil ich mit Kinderschokolade gro\u00df geworden bin fand ich es eine super Idee. Meine Oma hat uns Enkelkindern immer Kinderschokolade geschenkt, zum Nikolaus, Weihnachten, Ostern, sie hat vielleicht an die Extra-Portion Milch geglaubt.<\/p>\n<p style=\"text-align: center;\">Eigentlich ist sie viel zu s\u00fc\u00df, aber trotzdem sehr lecker. Auch mein Chor hat sich gleich dar\u00fcber hergemacht, da hatte ich gleich drei Einladungen mitgenommen. Schlie\u00dflich sollte jeder wenigstens einen Riegel bekommen.<\/p>\n<p style=\"text-align: center;\">Jetzt warte ich nat\u00fcrlich gespannt auf die R\u00fcckmeldungen, damit ich endlich einen \u00dcberblick bekomme, wieviele Personen es werden.<\/p>\n<p style=\"text-align: center;\">Irgendjemand sagte das 40 w\u00e4re sehr klein geschrieben, man muss ja mit seinem Alter nicht so rumprotzen oder? Und f\u00fcr alle die diese Einladung toll finden und wissen wollen wo es sie gibt, kommt ihr <a title=\"Kinderschokolade als Einladung\" href=\"http:\/\/de.dawanda.com\/product\/33447817-Einladung-Geburtstag-Kinderschokolade\" target=\"_blank\">hier<\/a> direkt in den DaWanda Shop.<\/p>\n<p style=\"text-align: center;\"><strong><span style=\"color: #f2360c;\">Ich bin heute echt erledigt, die viele frische Luft macht m\u00fcde! Seit ich in der Kita arbeitet lebe ich definitiv ges\u00fcnder. Mein Verbrauch an Obst und Gem\u00fcse ist rassant angestiegen, das liegt zum Einen am Essen der Kita, wo es jeden Tag frisches Obst, Gem\u00fcse und Rohkost gibt. Zum Anderen an meinem Thermomix mit dem ich auch alles frisch zubereite. Und ich war lange nicht mehr so viel drau\u00dfen, durch die vielen N\u00e4hauftr\u00e4ge und meine DELFI Kurse war ich eher ein Stubenhocker. Jetzt noch etwas Kochen und dann auf dem Sofa entspannen!<\/span><\/strong><\/p>\n<p style=\"text-align: center;\"><strong><span style=\"color: #f2360c;\">LIEBEVOLLE Gr\u00fc\u00dfe Dini.<\/span><\/strong><\/p>\n","protected":false},"excerpt":{"rendered":"<p>Da alle Einladungskarten wohl angekommen sind, hoffentlich nicht geschmolzen bei dem Wetter, kann ich sie euch jetzt endlich zeigen! Ich bin durch Zufall bei DaWanda auf diese Einladung gesto\u00dfen! Sie wurde auf der Hauptseite beworben. Weil ich mit Kinderschokolade gro\u00df &hellip; <a href=\"http:\/\/liebevolles-handgemacht.de\/?p=1764\">Weiterlesen <span class=\"meta-nav\">&rarr;<\/span><\/a><\/p>\n","protected":false},"author":2,"featured_media":0,"comment_status":"open","ping_status":"open","sticky":false,"template":"","format":"standard","meta":{"footnotes":"","_links_to":"","_links_to_target":""},"categories":[3],"tags":[],"class_list":["post-1764","post","type-post","status-publish","format-standard","hentry","category-privates"],"_links":{"self":[{"href":"http:\/\/liebevolles-handgemacht.de\/index.php?rest_route=\/wp\/v2\/posts\/1764","targetHints":{"allow":["GET"]}}],"collection":[{"href":"http:\/\/liebevolles-handgemacht.de\/index.php?rest_route=\/wp\/v2\/posts"}],"about":[{"href":"http:\/\/liebevolles-handgemacht.de\/index.php?rest_route=\/wp\/v2\/types\/post"}],"author":[{"embeddable":true,"href":"http:\/\/liebevolles-handgemacht.de\/index.php?rest_route=\/wp\/v2\/users\/2"}],"replies":[{"embeddable":true,"href":"http:\/\/liebevolles-handgemacht.de\/index.php?rest_route=%2Fwp%2Fv2%2Fcomments&post=1764"}],"version-history":[{"count":1,"href":"http:\/\/liebevolles-handgemacht.de\/index.php?rest_route=\/wp\/v2\/posts\/1764\/revisions"}],"predecessor-version":[{"id":6066,"href":"http:\/\/liebevolles-handgemacht.de\/index.php?rest_route=\/wp\/v2\/posts\/1764\/revisions\/6066"}],"wp:attachment":[{"href":"http:\/\/liebevolles-handgemacht.de\/index.php?rest_route=%2Fwp%2Fv2%2Fmedia&parent=1764"}],"wp:term":[{"taxonomy":"category","embeddable":true,"href":"http:\/\/liebevolles-handgemacht.de\/index.php?rest_route=%2Fwp%2Fv2%2Fcategories&post=1764"},{"taxonomy":"post_tag","embeddable":true,"href":"http:\/\/liebevolles-handgemacht.de\/index.php?rest_route=%2Fwp%2Fv2%2Ftags&post=1764"}],"curies":[{"name":"wp","href":"https:\/\/api.w.org\/{rel}","templated":true}]}}