{"id":1800,"date":"2014-05-30T08:32:45","date_gmt":"2014-05-30T06:32:45","guid":{"rendered":"http:\/\/www.liebevoll-puppen.de\/?p=1800"},"modified":"2015-07-13T15:15:08","modified_gmt":"2015-07-13T15:15:08","slug":"die-sonne-traut-sich-wieder-raus","status":"publish","type":"post","link":"http:\/\/liebevolles-handgemacht.de\/?p=1800","title":{"rendered":"Die Sonne traut sich wieder raus"},"content":{"rendered":"<p style=\"text-align: center;\"><strong><span style=\"color: #721c40;\">Guten Morgen, es ist ein herrliches Wetter drau\u00dfen eigentlich perfekt um Laufen zu gehen. Aber wie immer habe ich eine Ausrede, ich habe mir einiges f\u00fcr heute vorgenommen. Gestern war ich kreativ-flei\u00dfig und habe zwei Kundenauftr\u00e4ge erledigt. Die Ergebnisse m\u00f6chte ich euch heute fotografiert im Sonnenlicht zeigen.<\/span><\/strong><\/p>\n<div id=\"attachment_1798\" style=\"width: 610px\" class=\"wp-caption aligncenter\"><a href=\"https:\/\/liebevolles-handgemacht.de\/wp-content\/uploads\/2015\/06\/IMG_0751k.jpg\"><img loading=\"lazy\" decoding=\"async\" aria-describedby=\"caption-attachment-1798\" class=\"size-full wp-image-1798\" alt=\"Schrift Die Krabbel Krabbe, Kuh von Sew Dreams\" src=\"https:\/\/liebevolles-handgemacht.de\/wp-content\/uploads\/2015\/06\/IMG_0751k.jpg\" width=\"600\" height=\"400\" \/><\/a><p id=\"caption-attachment-1798\" class=\"wp-caption-text\">Schrift Die Krabbel Krabbe, Kuh von Sew Dreams<\/p><\/div>\n<p style=\"text-align: center;\">Ein Kissen als Geschenk zur Geburt mit einem Kuhkopf drauf. Die Ohren laden zum Bef\u00fchlen ein. Sie werden zun\u00e4chst extra gestickt, dann ausgeschnitten gewendet und bei einem neuen Stickvorgang eingef\u00fcgt. Damit sie sch\u00f6n plastisch aussehen habe ich sie zuvor gefalten und mit der N\u00e4hmaschine dr\u00fcber gen\u00e4ht.<\/p>\n<p style=\"text-align: center;\"><a href=\"https:\/\/liebevolles-handgemacht.de\/wp-content\/uploads\/2015\/06\/IMG_0750k.jpg\"><img loading=\"lazy\" decoding=\"async\" class=\"aligncenter size-full wp-image-1797\" alt=\"IMG_0750k\" src=\"https:\/\/liebevolles-handgemacht.de\/wp-content\/uploads\/2015\/06\/IMG_0750k.jpg\" width=\"400\" height=\"600\" \/><\/a>Ich wollte die Kuh nicht in schwarz-wei\u00df machen, weil ich das Schwarz irgendwie zu hart fand f\u00fcr ein Kinderkissen. Die Ohren sind aus weichen Babycord, das Gesicht aus Sommerfrottee (wei\u00df) und Puppentrikot (hautfarbe).<\/p>\n<p style=\"text-align: center;\"><a href=\"https:\/\/liebevolles-handgemacht.de\/wp-content\/uploads\/2015\/06\/IMG_0755k.jpg\"><img loading=\"lazy\" decoding=\"async\" class=\"aligncenter size-full wp-image-1799\" alt=\"IMG_0755k\" src=\"https:\/\/liebevolles-handgemacht.de\/wp-content\/uploads\/2015\/06\/IMG_0755k.jpg\" width=\"600\" height=\"400\" \/><\/a>Hier seht ihr vier K\u00fchlherzen mit Namen. Bei uns in der Kita sind die Herzen immer im Einsatz. Sie liegen im Gefrierfach und wenn sich ein Kind gesto\u00dfen hat kann es damit seine Verletzung k\u00fchlen. Die Herzen sind mit Raps gef\u00fcllt.<\/p>\n<p style=\"text-align: center;\">Letzte Woche bin ich in der Kita vor die offene Sp\u00fclmaschinenklappe gelaufen! Ich h\u00e4tte am Liebsten laut losgeschrien so hat das wehgetan. Aber vor den Kindern musste ich mich tapfer zusammenrei\u00dfen. Abends hat es sehr geschmerzt, dass ich unseren K\u00fchlknudie aus dem Gefrierschrank geholt habe. Der Raps passt sich gut an und hat genau die richtige Temperatur. Seit dem habe ich einen 6cm gro\u00dfen Blutergu\u00df der immer noch sehr weh tut. Gut dass ich zu meinem Geburtstag keinen Rock anziehe, sonst h\u00e4tte da nur eine blickdichte Strumpfhose helfen k\u00f6nnen.<\/p>\n<p style=\"text-align: center;\"><strong><span style=\"color: #721c40;\">Euch allen einen sch\u00f6nen sonnigen Tag. LIEBEVOLLe Gr\u00fc\u00dfe Dini.<\/span><\/strong><\/p>\n","protected":false},"excerpt":{"rendered":"<p>Guten Morgen, es ist ein herrliches Wetter drau\u00dfen eigentlich perfekt um Laufen zu gehen. Aber wie immer habe ich eine Ausrede, ich habe mir einiges f\u00fcr heute vorgenommen. Gestern war ich kreativ-flei\u00dfig und habe zwei Kundenauftr\u00e4ge erledigt. Die Ergebnisse m\u00f6chte &hellip; <a href=\"http:\/\/liebevolles-handgemacht.de\/?p=1800\">Weiterlesen <span class=\"meta-nav\">&rarr;<\/span><\/a><\/p>\n","protected":false},"author":2,"featured_media":0,"comment_status":"open","ping_status":"open","sticky":false,"template":"","format":"standard","meta":{"footnotes":"","_links_to":"","_links_to_target":""},"categories":[5],"tags":[],"class_list":["post-1800","post","type-post","status-publish","format-standard","hentry","category-kundenauftrage"],"_links":{"self":[{"href":"http:\/\/liebevolles-handgemacht.de\/index.php?rest_route=\/wp\/v2\/posts\/1800","targetHints":{"allow":["GET"]}}],"collection":[{"href":"http:\/\/liebevolles-handgemacht.de\/index.php?rest_route=\/wp\/v2\/posts"}],"about":[{"href":"http:\/\/liebevolles-handgemacht.de\/index.php?rest_route=\/wp\/v2\/types\/post"}],"author":[{"embeddable":true,"href":"http:\/\/liebevolles-handgemacht.de\/index.php?rest_route=\/wp\/v2\/users\/2"}],"replies":[{"embeddable":true,"href":"http:\/\/liebevolles-handgemacht.de\/index.php?rest_route=%2Fwp%2Fv2%2Fcomments&post=1800"}],"version-history":[{"count":1,"href":"http:\/\/liebevolles-handgemacht.de\/index.php?rest_route=\/wp\/v2\/posts\/1800\/revisions"}],"predecessor-version":[{"id":6061,"href":"http:\/\/liebevolles-handgemacht.de\/index.php?rest_route=\/wp\/v2\/posts\/1800\/revisions\/6061"}],"wp:attachment":[{"href":"http:\/\/liebevolles-handgemacht.de\/index.php?rest_route=%2Fwp%2Fv2%2Fmedia&parent=1800"}],"wp:term":[{"taxonomy":"category","embeddable":true,"href":"http:\/\/liebevolles-handgemacht.de\/index.php?rest_route=%2Fwp%2Fv2%2Fcategories&post=1800"},{"taxonomy":"post_tag","embeddable":true,"href":"http:\/\/liebevolles-handgemacht.de\/index.php?rest_route=%2Fwp%2Fv2%2Ftags&post=1800"}],"curies":[{"name":"wp","href":"https:\/\/api.w.org\/{rel}","templated":true}]}}