{"id":1806,"date":"2014-05-31T20:30:20","date_gmt":"2014-05-31T18:30:20","guid":{"rendered":"http:\/\/www.liebevoll-puppen.de\/?p=1806"},"modified":"2015-07-13T15:11:49","modified_gmt":"2015-07-13T15:11:49","slug":"grillen-am-abend","status":"publish","type":"post","link":"http:\/\/liebevolles-handgemacht.de\/?p=1806","title":{"rendered":"Grillen am Abend"},"content":{"rendered":"<p style=\"text-align: center;\"><strong><span style=\"color: #661e56;\">Heute ist meine Stimmung wieder besser. Als h\u00e4tte mein meckern gestern etwas gen\u00fctzt haben sich ganz viele G\u00e4ste inzwischen gemeldet. Die Bude wird also doch voll, ich freue mich! Wir haben heute das erste Mal in dieser Saison gegrillt. Die Sonne war sch\u00f6n, die Luft allerdings kalt und windig. Egal, es gibt ja warme Kleidung. Eigentlich war ich den ganzen Tag in der K\u00fcche besch\u00e4ftigt. Der Thermomix war im Dauereinsatz und hat leckere Sachen hervorgebracht.<\/span><\/strong><\/p>\n<p style=\"text-align: center;\"><a href=\"https:\/\/liebevolles-handgemacht.de\/wp-content\/uploads\/2015\/06\/IMG_0758k.jpg\"><img loading=\"lazy\" decoding=\"async\" class=\"aligncenter size-full wp-image-1804\" alt=\"IMG_0758k\" src=\"https:\/\/liebevolles-handgemacht.de\/wp-content\/uploads\/2015\/06\/IMG_0758k.jpg\" width=\"600\" height=\"400\" \/><\/a>Es gab mal wieder den Brokkolisalat, schnelles Baguette und Kr\u00e4uter-Aioli. Erst habe ich Mayonnaise hergestellt die dann mit diversen Zutaten verfeinert wurde. Gut das wir heute nicht mehr vor die T\u00fcr m\u00fcssen, wir stinken so derma\u00dfen nach Knoblauch. Gem\u00fcsepaste habe ich auch neu hergestellt als Ersatz f\u00fcr Br\u00fchw\u00fcrfel. Damit komme ich die n\u00e4chsten Wochen aus.<\/p>\n<p style=\"text-align: center;\"><a href=\"https:\/\/liebevolles-handgemacht.de\/wp-content\/uploads\/2015\/06\/IMG_0805k.jpg\"><img loading=\"lazy\" decoding=\"async\" class=\"aligncenter size-full wp-image-1805\" alt=\"IMG_0805k\" src=\"https:\/\/liebevolles-handgemacht.de\/wp-content\/uploads\/2015\/06\/IMG_0805k.jpg\" width=\"400\" height=\"600\" \/><\/a>Und hier ein Foto einer sehr entspannten Nadine! Geschossen wurde das Foto von Timon, der wie ein Starfotograf vor mir stand und gef\u00fchlte 100 Fotos gemacht hat.<\/p>\n<p style=\"text-align: center;\">Ich habe auch ein Foto von dem Grillgut auf unseren Grill gemacht, aber es wurde mir unter Strafe verboten dieses Foto zu zeigen! Erst wenn mein Mann einen &#8222;M\u00e4nnergrill&#8220; hat darf ich davon Fotos machen. Der &#8222;Frauengrill&#8220; wird gerade wieder von ihm verpackt.<\/p>\n<p style=\"text-align: center;\">Und habe ich schon erz\u00e4hlt das ich ab heute Bauchfrei trage? Als ich vorhin die W\u00e4sche aus dem Trockner geholt habe ist mir fast das Herz stehen geblieben. Gut das das Kind gerade unterwegs war und ich mich bis er wieder kam beruhigt hatte. Er hat die gesamte W\u00e4sche aus der Waschmaschine in den Trockner gebracht ohne sie vorher durch zu gucken. Ein neues T-Shirt und zwei Sweatjacken von mir waren dabei au\u00dferdem ein Hemd von Christian. Von Timon war nat\u00fcrlich nicht ein Teil dabei. Ich wei\u00df ich sollte mich dar\u00fcber freuen dass er die W\u00e4sche runter gebracht hat, eigentlich wei\u00df er das erst sortiert werden muss.<\/p>\n<p style=\"text-align: center;\">Wenn nur die ganzen Baustellen im Kopf nicht w\u00e4ren und die vielen Umleitungen. In einem Buch habe ich gelesen, dass w\u00e4hrend der Pupert\u00e4t das gesamte Gehirn eine gro\u00dfe Baustelle ist. Und das deshalb die Verarbeitung von Informationen oder Aufgaben nur fehlerhaft oder gar nicht funktioniert oder eben verz\u00f6gert. Ich habe als Jugendliche und junge Erwachsene aus vielen Fehlern gelernt. Das man keine Kerzen bei Sonneneinstrahlung auf den R\u00fccksitz eines Autos legt, keinen Kakao im Schulranzen transportiert, der dann kaputt geht und zwischen die Schulb\u00fccher l\u00e4uft und, und, und&#8230;.<\/p>\n<p style=\"text-align: center;\"><strong><span style=\"color: #661e56;\">Euch einen sch\u00f6nen Abend und morgen einen sch\u00f6nen Sonntag. LIEBEVOLLe Gr\u00fc\u00dfe Dini.<\/span><\/strong><\/p>\n","protected":false},"excerpt":{"rendered":"<p>Heute ist meine Stimmung wieder besser. Als h\u00e4tte mein meckern gestern etwas gen\u00fctzt haben sich ganz viele G\u00e4ste inzwischen gemeldet. Die Bude wird also doch voll, ich freue mich! Wir haben heute das erste Mal in dieser Saison gegrillt. Die &hellip; <a href=\"http:\/\/liebevolles-handgemacht.de\/?p=1806\">Weiterlesen <span class=\"meta-nav\">&rarr;<\/span><\/a><\/p>\n","protected":false},"author":2,"featured_media":0,"comment_status":"open","ping_status":"open","sticky":false,"template":"","format":"standard","meta":{"footnotes":"","_links_to":"","_links_to_target":""},"categories":[3],"tags":[],"class_list":["post-1806","post","type-post","status-publish","format-standard","hentry","category-privates"],"_links":{"self":[{"href":"http:\/\/liebevolles-handgemacht.de\/index.php?rest_route=\/wp\/v2\/posts\/1806","targetHints":{"allow":["GET"]}}],"collection":[{"href":"http:\/\/liebevolles-handgemacht.de\/index.php?rest_route=\/wp\/v2\/posts"}],"about":[{"href":"http:\/\/liebevolles-handgemacht.de\/index.php?rest_route=\/wp\/v2\/types\/post"}],"author":[{"embeddable":true,"href":"http:\/\/liebevolles-handgemacht.de\/index.php?rest_route=\/wp\/v2\/users\/2"}],"replies":[{"embeddable":true,"href":"http:\/\/liebevolles-handgemacht.de\/index.php?rest_route=%2Fwp%2Fv2%2Fcomments&post=1806"}],"version-history":[{"count":1,"href":"http:\/\/liebevolles-handgemacht.de\/index.php?rest_route=\/wp\/v2\/posts\/1806\/revisions"}],"predecessor-version":[{"id":6060,"href":"http:\/\/liebevolles-handgemacht.de\/index.php?rest_route=\/wp\/v2\/posts\/1806\/revisions\/6060"}],"wp:attachment":[{"href":"http:\/\/liebevolles-handgemacht.de\/index.php?rest_route=%2Fwp%2Fv2%2Fmedia&parent=1806"}],"wp:term":[{"taxonomy":"category","embeddable":true,"href":"http:\/\/liebevolles-handgemacht.de\/index.php?rest_route=%2Fwp%2Fv2%2Fcategories&post=1806"},{"taxonomy":"post_tag","embeddable":true,"href":"http:\/\/liebevolles-handgemacht.de\/index.php?rest_route=%2Fwp%2Fv2%2Ftags&post=1806"}],"curies":[{"name":"wp","href":"https:\/\/api.w.org\/{rel}","templated":true}]}}