{"id":2076,"date":"2014-08-18T20:15:55","date_gmt":"2014-08-18T18:15:55","guid":{"rendered":"http:\/\/www.liebevoll-puppen.de\/?p=2076"},"modified":"2015-07-12T14:09:19","modified_gmt":"2015-07-12T14:09:19","slug":"der-kindergartenalltag-hat-uns-wieder","status":"publish","type":"post","link":"http:\/\/liebevolles-handgemacht.de\/?p=2076","title":{"rendered":"Der Kindergartenalltag hat uns wieder"},"content":{"rendered":"<p style=\"text-align: center;\"><strong><span style=\"color: #993366;\">Heute war der erste Arbeitstag nach 3 Ferienwochen. Die meisten Kinder sind sehr fr\u00f6hlich wieder hinein gekommen, so soll es sein. Ich bin heute Abend ziemlich kaputt, dabei war es heute erst zum Aufw\u00e4rmen! Ab Morgen kommen 5 neue M\u00e4use und da wird dann ganz sch\u00f6n was los sein. Gibt es doch viel zu lernen, wie die Abl\u00e4ufe im Kindergarten so sind. Und nat\u00fcrlich f\u00e4llt es den Kleinsten (die Meisten sind gerade 2 Jahre) noch ziemlich schwer sich an die Regeln zu halten. Langes Sitzen bei den Mahlzeiten, aufr\u00e4umen wenn man fertig ist mit spielen und nicht alles zu d\u00fcrfen was man m\u00f6chte!<\/span><\/strong><\/p>\n<p style=\"text-align: center;\"><a href=\"http:\/\/liebevolles-handgemacht.de\/wp-content\/uploads\/2015\/06\/IMG_1675k.jpg\"><img loading=\"lazy\" decoding=\"async\" class=\"aligncenter size-full wp-image-2071\" src=\"http:\/\/liebevolles-handgemacht.de\/wp-content\/uploads\/2015\/06\/IMG_1675k.jpg\" alt=\"IMG_1675k\" width=\"600\" height=\"400\" \/><\/a>F\u00fcr einen ebenso kleinen Mann der gerade ganz neu im Kindergarten ist habe ich diesen Rucksack gemacht. Noch ist er riesig auf dem R\u00fccken, aber im Laufe der Kindergartenjahre schrumpft er dann zusammen.<\/p>\n<p style=\"text-align: center;\"><a href=\"http:\/\/liebevolles-handgemacht.de\/wp-content\/uploads\/2015\/06\/IMG_1673k.jpg\"><img loading=\"lazy\" decoding=\"async\" class=\"aligncenter size-full wp-image-2075\" src=\"http:\/\/liebevolles-handgemacht.de\/wp-content\/uploads\/2015\/06\/IMG_1673k.jpg\" alt=\"IMG_1673k\" width=\"600\" height=\"400\" \/><\/a>Am Wochenende hatten wir ein Familientreffen, was wir in den letzten Jahren regelm\u00e4\u00dfig machen. Diesmal waren wir fast vollst\u00e4ndig! Das Wetter hat auch super mitgespielt. Da im April mein Cousin und meine Cousine Nachwuchs bekommen haben, gab es Geschenke zu verteilen. Zusammen mit meinen Eltern haben wir Namenskissen verschenkt.<\/p>\n<p style=\"text-align: center;\"><a href=\"http:\/\/liebevolles-handgemacht.de\/wp-content\/uploads\/2015\/06\/IMG_1671k.jpg\"><img loading=\"lazy\" decoding=\"async\" class=\"aligncenter size-full wp-image-2074\" src=\"http:\/\/liebevolles-handgemacht.de\/wp-content\/uploads\/2015\/06\/IMG_1671k.jpg\" alt=\"IMG_1671k\" width=\"600\" height=\"400\" \/><\/a>Ich wollte die Kissen mal etwas anders wie sonst gestalten und da viel mir pl\u00f6tzlich ein das ich noch Stoffdrucke von der <a title=\"Wichtelfabrik\" href=\"http:\/\/www.wichtelfabrik.de\/main_bigware_29.php?bigPfad=74&amp;bigwareCsid=v5k6303ca5j0ec63bkc8c7nnd2\" target=\"_blank\">Wichtelfabrik<\/a> habe. Christine Schorling malt wundersch\u00f6ne Kindermotive, von ihr gibt es auch Stickdateien. Leider haben die Stickdateien immer sehr viele Stiche was es dann sehr teuer macht. Irgendwann habe ich\u00a0 diese Stoffst\u00fccke entdeckt. Sie haben jetzt eine ganze Weile bei mir herumgelegen und darauf gewartet dass sie verwendet werden.<\/p>\n<p style=\"text-align: center;\"><a href=\"http:\/\/liebevolles-handgemacht.de\/wp-content\/uploads\/2015\/06\/IMG_1669k.jpg\"><img loading=\"lazy\" decoding=\"async\" class=\"aligncenter size-full wp-image-2073\" src=\"http:\/\/liebevolles-handgemacht.de\/wp-content\/uploads\/2015\/06\/IMG_1669k.jpg\" alt=\"IMG_1669k\" width=\"600\" height=\"400\" \/><\/a>Von ihr gibt es auch tolle Schutzengelzeichnungen, die man als Keilrahmen bekommen kann, aber auch Kunstdrucke als Karten.<\/p>\n<p style=\"text-align: center;\">Leider habe ich mich bei einem Namen vertan und ein H zuviel gestickt. Das ist wirklich \u00e4rgerlich und musste ganz schnell ge\u00e4ndert werden. Ich habe vor vielen Jahren mal ein Duschtuch geschenkt bekommen darauf stand Nadin ohne e. Und irgendwie hat es sich nie nach meinem Duschtuch angef\u00fchlt.<\/p>\n<p style=\"text-align: center;\"><a href=\"http:\/\/liebevolles-handgemacht.de\/wp-content\/uploads\/2015\/06\/IMG_1677k.jpg\"><img loading=\"lazy\" decoding=\"async\" class=\"aligncenter size-full wp-image-2072\" src=\"http:\/\/liebevolles-handgemacht.de\/wp-content\/uploads\/2015\/06\/IMG_1677k.jpg\" alt=\"IMG_1677k\" width=\"600\" height=\"400\" \/><\/a>Und ich hoffe das jetzt alles richtig ist!<\/p>\n<p style=\"text-align: center;\">Die Kissen haben sich mal wieder entwickelt. Ich hatte zun\u00e4chst eine ganz andere Vorstellung. Mit der Farbauswahl habe ich mich wieder sehr schwer getan. Die Zuschnitte waren auch erst viel gr\u00f6\u00dfer und im Laufe des N\u00e4hens hat sich dann diese Form und Gr\u00f6\u00dfe ergeben. Die Kissen sind ca. 40&#215;50 cm gro\u00df.<\/p>\n<p style=\"text-align: center;\"><strong><span style=\"color: #993366;\">So jetzt muss ich noch Lateinvokabeln abfragen. In zwei Tagen geht die Schule wieder los und da sollte das Kind vorgereitet sein.<\/span><\/strong><\/p>\n<p style=\"text-align: center;\"><strong><span style=\"color: #993366;\">LIEBEVOLLe Gr\u00fc\u00dfe, Dini.<\/span><\/strong><\/p>\n","protected":false},"excerpt":{"rendered":"<p>Heute war der erste Arbeitstag nach 3 Ferienwochen. Die meisten Kinder sind sehr fr\u00f6hlich wieder hinein gekommen, so soll es sein. Ich bin heute Abend ziemlich kaputt, dabei war es heute erst zum Aufw\u00e4rmen! Ab Morgen kommen 5 neue M\u00e4use &hellip; <a href=\"http:\/\/liebevolles-handgemacht.de\/?p=2076\">Weiterlesen <span class=\"meta-nav\">&rarr;<\/span><\/a><\/p>\n","protected":false},"author":2,"featured_media":0,"comment_status":"open","ping_status":"open","sticky":false,"template":"","format":"standard","meta":{"ngg_post_thumbnail":0,"footnotes":"","_links_to":"","_links_to_target":""},"categories":[5],"tags":[],"class_list":["post-2076","post","type-post","status-publish","format-standard","hentry","category-kundenauftrage"],"_links":{"self":[{"href":"http:\/\/liebevolles-handgemacht.de\/index.php?rest_route=\/wp\/v2\/posts\/2076","targetHints":{"allow":["GET"]}}],"collection":[{"href":"http:\/\/liebevolles-handgemacht.de\/index.php?rest_route=\/wp\/v2\/posts"}],"about":[{"href":"http:\/\/liebevolles-handgemacht.de\/index.php?rest_route=\/wp\/v2\/types\/post"}],"author":[{"embeddable":true,"href":"http:\/\/liebevolles-handgemacht.de\/index.php?rest_route=\/wp\/v2\/users\/2"}],"replies":[{"embeddable":true,"href":"http:\/\/liebevolles-handgemacht.de\/index.php?rest_route=%2Fwp%2Fv2%2Fcomments&post=2076"}],"version-history":[{"count":2,"href":"http:\/\/liebevolles-handgemacht.de\/index.php?rest_route=\/wp\/v2\/posts\/2076\/revisions"}],"predecessor-version":[{"id":6024,"href":"http:\/\/liebevolles-handgemacht.de\/index.php?rest_route=\/wp\/v2\/posts\/2076\/revisions\/6024"}],"wp:attachment":[{"href":"http:\/\/liebevolles-handgemacht.de\/index.php?rest_route=%2Fwp%2Fv2%2Fmedia&parent=2076"}],"wp:term":[{"taxonomy":"category","embeddable":true,"href":"http:\/\/liebevolles-handgemacht.de\/index.php?rest_route=%2Fwp%2Fv2%2Fcategories&post=2076"},{"taxonomy":"post_tag","embeddable":true,"href":"http:\/\/liebevolles-handgemacht.de\/index.php?rest_route=%2Fwp%2Fv2%2Ftags&post=2076"}],"curies":[{"name":"wp","href":"https:\/\/api.w.org\/{rel}","templated":true}]}}