{"id":2085,"date":"2014-08-20T11:24:15","date_gmt":"2014-08-20T09:24:15","guid":{"rendered":"http:\/\/www.liebevoll-puppen.de\/?p=2085"},"modified":"2015-07-12T14:08:10","modified_gmt":"2015-07-12T14:08:10","slug":"schulanfang-2014","status":"publish","type":"post","link":"http:\/\/liebevolles-handgemacht.de\/?p=2085","title":{"rendered":"Schulanfang 2014"},"content":{"rendered":"<p style=\"text-align: center;\"><strong><span style=\"color: #993366;\">Heute geht die Schule wieder los und das Lotterleben hat ein Ende. Aber nur kurz, dann gibt es schon wieder Herbstferien! Timon hatte gestern als ich nach Hause kam schon alles f\u00fcr seinen 1. Schultag vorbereitet, so kann die 9. Klasse beginnen. Heute morgen war er bester Laune und hat sich auf die Schule gefreut, wenn er es auch nicht zugeben wollte!<\/span><\/strong><\/p>\n<p style=\"text-align: center;\">Und auch f\u00fcr die\u00a0 Erstkl\u00e4ssler beginnt die Schule. Obwohl ich jetzt gar nicht wei\u00df ob heute oder morgen?! In vielen Bundesl\u00e4ndern sind noch Ferien da ist noch ein bisschen Zeit.<\/p>\n<div id=\"attachment_2079\" style=\"width: 610px\" class=\"wp-caption aligncenter\"><a href=\"http:\/\/liebevolles-handgemacht.de\/wp-content\/uploads\/2015\/06\/IMG_1688k.jpg\"><img loading=\"lazy\" decoding=\"async\" aria-describedby=\"caption-attachment-2079\" class=\"size-full wp-image-2079\" src=\"http:\/\/liebevolles-handgemacht.de\/wp-content\/uploads\/2015\/06\/IMG_1688k.jpg\" alt=\"Stickdatei SewDreams Monsta\" width=\"600\" height=\"400\" \/><\/a><p id=\"caption-attachment-2079\" class=\"wp-caption-text\">Stickdatei SewDreams Monsta<\/p><\/div>\n<p style=\"text-align: center;\">In den vergangenen Jahren habe ich etliche Rechenm\u00e4use, -knudies und -monsta vor der Einschulung verschickt. Im vergangenen Jahr auch Lesezeichen mit Namen. In diesem Jahr war es nat\u00fcrlich ruhig, da ich meinen DaWanda Shop seit Monaten geschlossen habe. Aber einige haben mich doch kontaktiert. Sie haben schon in den vergangenen Jahren bei mir zur Einschulung eingekauft und wollten nun wieder etwas verschenken.<\/p>\n<p style=\"text-align: center;\"><a href=\"http:\/\/liebevolles-handgemacht.de\/wp-content\/uploads\/2015\/06\/IMG_1691k.jpg\"><img loading=\"lazy\" decoding=\"async\" class=\"aligncenter size-full wp-image-2080\" src=\"http:\/\/liebevolles-handgemacht.de\/wp-content\/uploads\/2015\/06\/IMG_1691k.jpg\" alt=\"IMG_1691k\" width=\"600\" height=\"400\" \/><\/a>Alles wird von mir sorgf\u00e4ltig verpackt und wo LIEBEVOLL draufsteht ist auch LIEBEVOLL drin.<\/p>\n<p style=\"text-align: center;\"><a href=\"http:\/\/liebevolles-handgemacht.de\/wp-content\/uploads\/2015\/06\/IMG_1680k.jpg\"><img loading=\"lazy\" decoding=\"async\" class=\"aligncenter size-full wp-image-2082\" src=\"http:\/\/liebevolles-handgemacht.de\/wp-content\/uploads\/2015\/06\/IMG_1680k.jpg\" alt=\"IMG_1680k\" width=\"600\" height=\"400\" \/><\/a>Ein Puppenkind hat auch den Weg zu mir gefunden. Es war an der Schulter und am Bein verletzt und musste behandelt werden. Bei starker Beanspruchung k\u00f6nnen N\u00e4hte aufgehen und wenn man es dann nicht merkt gibt es auch schonmal gro\u00dfe L\u00f6cher!<\/p>\n<p style=\"text-align: center;\"><a href=\"http:\/\/liebevolles-handgemacht.de\/wp-content\/uploads\/2015\/06\/IMG_1679k.jpg\"><img loading=\"lazy\" decoding=\"async\" class=\"aligncenter size-full wp-image-2081\" src=\"http:\/\/liebevolles-handgemacht.de\/wp-content\/uploads\/2015\/06\/IMG_1679k.jpg\" alt=\"IMG_1679k\" width=\"600\" height=\"400\" \/><\/a>Damit ich nicht die halbe Puppe auftrennen muss, werden alle L\u00f6cher von au\u00dfen gen\u00e4ht. Dazu benutzte ich einen Matratzenstich und n\u00e4he so die Naht in sehr kleinen Stichen wieder zusammen. Je kleiner die Stiche, desto ordentlicher die Naht! Beim Bein habe ich es etwas anders gemacht. Da habe ich die Stoffr\u00e4nder erst zusammen genommen und mit einem doppelten N\u00e4hfaden grob zusammen gen\u00e4ht. Dann habe ich eine feine Naht dr\u00fcber gesetzt.<\/p>\n<p style=\"text-align: center;\"><a href=\"http:\/\/liebevolles-handgemacht.de\/wp-content\/uploads\/2015\/06\/IMG_1682k.jpg\"><img loading=\"lazy\" decoding=\"async\" class=\"aligncenter size-full wp-image-2083\" src=\"http:\/\/liebevolles-handgemacht.de\/wp-content\/uploads\/2015\/06\/IMG_1682k.jpg\" alt=\"IMG_1682k\" width=\"600\" height=\"400\" \/><\/a>Nach 1 Stunde waren die offenen N\u00e4hte vergessen und die Puppe ist jetzt wieder einsatzbereit.<\/p>\n<p style=\"text-align: center;\"><a href=\"http:\/\/liebevolles-handgemacht.de\/wp-content\/uploads\/2015\/06\/IMG_1683k.jpg\"><img loading=\"lazy\" decoding=\"async\" class=\"aligncenter size-full wp-image-2084\" src=\"http:\/\/liebevolles-handgemacht.de\/wp-content\/uploads\/2015\/06\/IMG_1683k.jpg\" alt=\"IMG_1683k\" width=\"600\" height=\"400\" \/><\/a><strong><span style=\"color: #993366;\">Ich w\u00fcnsche euch einen sch\u00f6nen Tag! Ich muss in einer Stunde arbeiten, mal gucken was mich heute erwartet. Der erste Tag mit den neuen Kindern ist ganz gut gelaufen, aber es war auch wirklich anstrengend (f\u00fcr die Kinder und die Erzieherinnen). Da keine Mutter fr\u00fchzeitig angerufen werden musste, gab es beim Abholen viele gl\u00fcckliche Gesichter.<\/span><\/strong><\/p>\n<p style=\"text-align: center;\"><strong><span style=\"color: #993366;\">LIEBEVOLLe Gr\u00fc\u00dfe Dini.<\/span><\/strong><\/p>\n","protected":false},"excerpt":{"rendered":"<p>Heute geht die Schule wieder los und das Lotterleben hat ein Ende. Aber nur kurz, dann gibt es schon wieder Herbstferien! Timon hatte gestern als ich nach Hause kam schon alles f\u00fcr seinen 1. Schultag vorbereitet, so kann die 9. &hellip; <a href=\"http:\/\/liebevolles-handgemacht.de\/?p=2085\">Weiterlesen <span class=\"meta-nav\">&rarr;<\/span><\/a><\/p>\n","protected":false},"author":2,"featured_media":0,"comment_status":"open","ping_status":"open","sticky":false,"template":"","format":"standard","meta":{"ngg_post_thumbnail":0,"footnotes":"","_links_to":"","_links_to_target":""},"categories":[5],"tags":[],"class_list":["post-2085","post","type-post","status-publish","format-standard","hentry","category-kundenauftrage"],"_links":{"self":[{"href":"http:\/\/liebevolles-handgemacht.de\/index.php?rest_route=\/wp\/v2\/posts\/2085","targetHints":{"allow":["GET"]}}],"collection":[{"href":"http:\/\/liebevolles-handgemacht.de\/index.php?rest_route=\/wp\/v2\/posts"}],"about":[{"href":"http:\/\/liebevolles-handgemacht.de\/index.php?rest_route=\/wp\/v2\/types\/post"}],"author":[{"embeddable":true,"href":"http:\/\/liebevolles-handgemacht.de\/index.php?rest_route=\/wp\/v2\/users\/2"}],"replies":[{"embeddable":true,"href":"http:\/\/liebevolles-handgemacht.de\/index.php?rest_route=%2Fwp%2Fv2%2Fcomments&post=2085"}],"version-history":[{"count":1,"href":"http:\/\/liebevolles-handgemacht.de\/index.php?rest_route=\/wp\/v2\/posts\/2085\/revisions"}],"predecessor-version":[{"id":6022,"href":"http:\/\/liebevolles-handgemacht.de\/index.php?rest_route=\/wp\/v2\/posts\/2085\/revisions\/6022"}],"wp:attachment":[{"href":"http:\/\/liebevolles-handgemacht.de\/index.php?rest_route=%2Fwp%2Fv2%2Fmedia&parent=2085"}],"wp:term":[{"taxonomy":"category","embeddable":true,"href":"http:\/\/liebevolles-handgemacht.de\/index.php?rest_route=%2Fwp%2Fv2%2Fcategories&post=2085"},{"taxonomy":"post_tag","embeddable":true,"href":"http:\/\/liebevolles-handgemacht.de\/index.php?rest_route=%2Fwp%2Fv2%2Ftags&post=2085"}],"curies":[{"name":"wp","href":"https:\/\/api.w.org\/{rel}","templated":true}]}}