{"id":2318,"date":"2014-10-11T21:25:43","date_gmt":"2014-10-11T19:25:43","guid":{"rendered":"http:\/\/www.liebevoll-puppen.de\/?p=2318"},"modified":"2015-07-12T11:00:07","modified_gmt":"2015-07-12T11:00:07","slug":"tag-der-erinnerungen","status":"publish","type":"post","link":"http:\/\/liebevolles-handgemacht.de\/?p=2318","title":{"rendered":"Ein Tag der Erinnerungen"},"content":{"rendered":"<p style=\"text-align: center;\"><strong><span style=\"color: #800080;\">Gestern war ein langer, anstrengender aber auch gl\u00fccklicher Tag! Nachdem ich gestern gearbeitet habe und kurz zu Hause war kam eine ehemalige Mitsch\u00fclerin um mich zu einer Beerdigung abzuholen. Ein Mitsch\u00fcler von uns mit dem wir 10 Jahre zusammen zur Schule gegangen sind ist gestorben und wurde beerdigt. Wir waren schnell im Gespr\u00e4ch, das letzte Mal hatten wir uns vor 4 Jahren zu einem Jahrgangsstufentreffen gesehen.\u00a0<\/span><\/strong><\/p>\n<p style=\"text-align: center;\"><a href=\"https:\/\/liebevolles-handgemacht.de\/wp-content\/uploads\/2015\/06\/IMG_2027k.jpg\"><img loading=\"lazy\" decoding=\"async\" class=\"aligncenter size-full wp-image-2317\" src=\"https:\/\/liebevolles-handgemacht.de\/wp-content\/uploads\/2015\/06\/IMG_2027k.jpg\" alt=\"IMG_2027k\" width=\"600\" height=\"400\" \/><\/a>Diesen Apfel haben wir auf der Beerdigung geschenkt bekommen. Er enth\u00e4lt eine wichtige Botschaft von dem Verstorbenen und den Angeh\u00f6rigen. Ich m\u00f6chte jetzt gar nicht von dem Ablauf und den Hintergr\u00fcnden der Beerdigung erz\u00e4hlen, einige von euch werden selber da gewesen sein oder haben davon geh\u00f6rt.<\/p>\n<p style=\"text-align: center;\">Ich m\u00f6chte euch aber erz\u00e4hlen was ich von dieser Beerdigung mitgenommen habe. Das eine Beerdigung keine Taufe, Kommunion oder Hochzeit ist ist klar. Man geht nicht mit einer guten Stimmung und voller Vorfreude zu diesem Ereignis. Wenn es mehr Beerdigungen wie die gestern geben w\u00fcrde k\u00f6nnte es sich allerdings \u00e4ndern<strong> (Nein, bitte jetzt nicht falsch verstehen!)<\/strong> Das eine Beerdigung ein trauriges Ereignis ist daran gibt es keinen Zweifel, aber wenn jemand verstorben ist, woran wir nichts \u00e4ndern k\u00f6nnen sollten wir ihm und den Angeh\u00f6rigen (am besten mit den Angeh\u00f6rigen) einen geb\u00fchrenden Abschied bereiten.<\/p>\n<p style=\"text-align: center;\">Ich habe schon viele Beerdigungen erlebt von denen ich nichts mitgenommen habe. Wo der Name des Verstorbenen drei Mal gefallen ist und man h\u00e4tte diese Beerdigung genau so wie sie ist f\u00fcr 100 Andere einsetzten k\u00f6nnen. Ich finde das traurig! Jeder der ein Leben gelebt hat, egal wie lange es gedauert hat, hat auf seine Art etwas f\u00fcr die Welt hinterlassen. Ich finde diese Spuren sollten nochmal aufgegriffen und gezeigt werden.<\/p>\n<p style=\"text-align: center;\">Auf dem Weg vom Friedhof nach Hause haben wir uns an unsere gemeinsame Kindheit und Jugendzeit erinnert. Meine Bekannte war \u00fcberrascht welche sch\u00f6nen Erinnerungen ich an ihr Zuhause hatte, z.B. wie wir nachmittags mit ihrer Oma und Gro\u00dftante zusammen am Tisch gesessen haben bei Kakao und Stippzwieback! Wir haben uns immer gefreut wenn wir in der Packung ein St\u00fcck Zwieback mit Schokolade oder Kokos gefunden haben.<\/p>\n<p style=\"text-align: center;\"><a href=\"https:\/\/liebevolles-handgemacht.de\/wp-content\/uploads\/2015\/06\/DSCF2016k.jpg\"><img loading=\"lazy\" decoding=\"async\" class=\"aligncenter size-full wp-image-2319\" src=\"https:\/\/liebevolles-handgemacht.de\/wp-content\/uploads\/2015\/06\/DSCF2016k.jpg\" alt=\"DSCF2016k\" width=\"600\" height=\"400\" \/><\/a>Nach der Beerdigung bin ich mit meinem Mann dann nach M\u00f6nchengladbach gefahren um Timon von Christians Tante abzuholen. Als wir abends noch zusammen sa\u00dfen kamen wir auf den 50. Geburtstag der Tante zu sprechen, der inzwischen schon 9 Jahre her ist. Auf der Suche nach einem Video von diesem Tag, ist Maria auf ein Video von der Hochzeit ihres Bruders gesto\u00dfen, welche inzwischen 28 Jahre her ist. Dieses Video haben wir uns angeschaut. Wir haben Tr\u00e4nen gelacht! Nach und nach haben wir immer mehr Leute auf den Video erkannt. Das interessante f\u00fcr mich war die \u00c4hnlichkeit der Kinder und Jugendlichen aus dem Video zu ihren heutigen Kindern! Besonders lustig waren aber auch der Kleidungsstil, die Musik und die Spiele die dort gespielt wurden.<\/p>\n<p style=\"text-align: center;\">Es war ein langer Tag mit vielen Erinnerungen, Tr\u00e4nen vom weinen und lachen, mit vielen unterschiedlichen Gedanken. Er hat mir auch wieder gezeigt, dass man viel h\u00e4ufiger im hier und jetzt leben sollte, die Gegenwart genie\u00dfen wenn es einen gerade gut geht! Schlechte Tage kommen von alleine sie rauben uns die Energie, aber die guten tanken uns wieder auf.<\/p>\n<p style=\"text-align: center;\"><strong><span style=\"color: #800080;\">Jetzt werde ich gleich den HOPE-Apfel essen in Gedanken und mit Erinnerungen an einen lieben Bekannten. <\/span><\/strong><\/p>\n<p style=\"text-align: center;\"><span style=\"color: #800080;\"><strong>LIEBEVOLLe Gr\u00fc\u00dfe Dini.<\/strong><\/span><\/p>\n","protected":false},"excerpt":{"rendered":"<p>Gestern war ein langer, anstrengender aber auch gl\u00fccklicher Tag! Nachdem ich gestern gearbeitet habe und kurz zu Hause war kam eine ehemalige Mitsch\u00fclerin um mich zu einer Beerdigung abzuholen. Ein Mitsch\u00fcler von uns mit dem wir 10 Jahre zusammen zur &hellip; <a href=\"http:\/\/liebevolles-handgemacht.de\/?p=2318\">Weiterlesen <span class=\"meta-nav\">&rarr;<\/span><\/a><\/p>\n","protected":false},"author":2,"featured_media":0,"comment_status":"open","ping_status":"open","sticky":false,"template":"","format":"standard","meta":{"footnotes":"","_links_to":"","_links_to_target":""},"categories":[3],"tags":[],"class_list":["post-2318","post","type-post","status-publish","format-standard","hentry","category-privates"],"_links":{"self":[{"href":"http:\/\/liebevolles-handgemacht.de\/index.php?rest_route=\/wp\/v2\/posts\/2318","targetHints":{"allow":["GET"]}}],"collection":[{"href":"http:\/\/liebevolles-handgemacht.de\/index.php?rest_route=\/wp\/v2\/posts"}],"about":[{"href":"http:\/\/liebevolles-handgemacht.de\/index.php?rest_route=\/wp\/v2\/types\/post"}],"author":[{"embeddable":true,"href":"http:\/\/liebevolles-handgemacht.de\/index.php?rest_route=\/wp\/v2\/users\/2"}],"replies":[{"embeddable":true,"href":"http:\/\/liebevolles-handgemacht.de\/index.php?rest_route=%2Fwp%2Fv2%2Fcomments&post=2318"}],"version-history":[{"count":1,"href":"http:\/\/liebevolles-handgemacht.de\/index.php?rest_route=\/wp\/v2\/posts\/2318\/revisions"}],"predecessor-version":[{"id":5882,"href":"http:\/\/liebevolles-handgemacht.de\/index.php?rest_route=\/wp\/v2\/posts\/2318\/revisions\/5882"}],"wp:attachment":[{"href":"http:\/\/liebevolles-handgemacht.de\/index.php?rest_route=%2Fwp%2Fv2%2Fmedia&parent=2318"}],"wp:term":[{"taxonomy":"category","embeddable":true,"href":"http:\/\/liebevolles-handgemacht.de\/index.php?rest_route=%2Fwp%2Fv2%2Fcategories&post=2318"},{"taxonomy":"post_tag","embeddable":true,"href":"http:\/\/liebevolles-handgemacht.de\/index.php?rest_route=%2Fwp%2Fv2%2Ftags&post=2318"}],"curies":[{"name":"wp","href":"https:\/\/api.w.org\/{rel}","templated":true}]}}