{"id":2598,"date":"2014-12-24T16:35:48","date_gmt":"2014-12-24T15:35:48","guid":{"rendered":"http:\/\/www.liebevoll-puppen.de\/?p=2598"},"modified":"2015-07-12T09:35:02","modified_gmt":"2015-07-12T09:35:02","slug":"weihnachtsgruesse-fuer-euch","status":"publish","type":"post","link":"http:\/\/liebevolles-handgemacht.de\/?p=2598","title":{"rendered":"Weihnachtsgr\u00fc\u00dfe f\u00fcr euch"},"content":{"rendered":"<p style=\"text-align: center;\"><strong><span style=\"color: #800080;\">Der Countdown l\u00e4uft, noch zwei Stunden bis meine Eltern zu uns kommen. Eigentlich h\u00e4tte ich noch einiges zu tun, aber ich bin fl\u00fcgellahm (mein Handgelenk schmerzt seit gestern) und f\u00fcr nicht viel zu gebrauchen. Timon war daf\u00fcr heute meine rechte Hand, ohne ihn w\u00e4ren wir jetzt nicht schon fast fertig. F\u00fcr das Kind war es eine gute Ablenkung, ist er doch sooooooo aufgeregt, weil er in diesem Jahr nicht wei\u00df was er zu Weihnachten bekommt. Er hat wirklich \u00fcberhaupt keine Ahnung und k\u00f6nnte 100 Mal raten und w\u00fcrde nicht darauf kommen. Um so gespannter sind wir auf seine Reaktion, hoffentlich ein Volltreffer und unb\u00e4ndige Freude!<\/span><\/strong><\/p>\n<p style=\"text-align: center;\"><a href=\"https:\/\/liebevolles-handgemacht.de\/wp-content\/uploads\/2015\/06\/IMG_2414k.jpg\"><img loading=\"lazy\" decoding=\"async\" class=\"aligncenter wp-image-2593 size-full\" src=\"https:\/\/liebevolles-handgemacht.de\/wp-content\/uploads\/2015\/06\/IMG_2414k.jpg\" alt=\"IMG_2414k\" width=\"400\" height=\"600\" \/><\/a>Der Weihnachtsbaumkauf war in null komma nichts erledigt, so schnell wie nie! Als wir ihn dann gestern aufgestellt haben, habe ich dann einen Schreck bekommen. Er passt gerade so ins Zimmer und hat eine ausladende Weite. Wir haben ihn lange hin und her gedreht bis er passend stand. Leider kann ich von meinem Platz aus kein ganzes Fernsehbild mehr sehen und es m\u00f6chte niemand mit mir die Pl\u00e4tze tauschen!<\/p>\n<p style=\"text-align: center;\"><a href=\"https:\/\/liebevolles-handgemacht.de\/wp-content\/uploads\/2015\/06\/IMG_2416k.jpg\"><img loading=\"lazy\" decoding=\"async\" class=\"aligncenter size-full wp-image-2594\" src=\"https:\/\/liebevolles-handgemacht.de\/wp-content\/uploads\/2015\/06\/IMG_2416k.jpg\" alt=\"IMG_2416k\" width=\"600\" height=\"400\" \/><\/a>F\u00fcr meine Tischdekoration wollte ich etwas Moos haben. Da es drau\u00dfen am regnen war, auch nicht aufh\u00f6rte hat Christian welches gekauft. Es gab nur gro\u00dfe Kisten und so habe ich als Tischdeko eine kleine Waldlandschaft gezaubert. Es riecht noch etwas streng nach Moder und das ein oder andere Tierchen sieht man manchmal vorbei huschen (klein nat\u00fcrlich), aber bis wir essen hat sich das alles sicher beruhigt.<\/p>\n<p style=\"text-align: center;\"><a href=\"https:\/\/liebevolles-handgemacht.de\/wp-content\/uploads\/2015\/06\/IMG_2417k.jpg\"><img loading=\"lazy\" decoding=\"async\" class=\"aligncenter size-full wp-image-2595\" src=\"https:\/\/liebevolles-handgemacht.de\/wp-content\/uploads\/2015\/06\/IMG_2417k.jpg\" alt=\"IMG_2417k\" width=\"600\" height=\"400\" \/><\/a>Nat\u00fcrlich nur f\u00fcr euch schon mal probehalber die Kerzen angez\u00fcndet!<\/p>\n<p style=\"text-align: center;\"><a href=\"https:\/\/liebevolles-handgemacht.de\/wp-content\/uploads\/2015\/06\/IMG_2418k.jpg\"><img loading=\"lazy\" decoding=\"async\" class=\"aligncenter size-full wp-image-2596\" src=\"https:\/\/liebevolles-handgemacht.de\/wp-content\/uploads\/2015\/06\/IMG_2418k.jpg\" alt=\"IMG_2418k\" width=\"600\" height=\"400\" \/><\/a>Das Goldrand-Geschirr meiner Eltern h\u00e4tte sich noch etwas edler gemacht. Die richtigen Servietten hatte ich auch nicht im Schrank. Ist halt improvisiert!<\/p>\n<p style=\"text-align: center;\"><a href=\"https:\/\/liebevolles-handgemacht.de\/wp-content\/uploads\/2015\/06\/IMG_2420k.jpg\"><img loading=\"lazy\" decoding=\"async\" class=\"aligncenter size-full wp-image-2597\" src=\"https:\/\/liebevolles-handgemacht.de\/wp-content\/uploads\/2015\/06\/IMG_2420k.jpg\" alt=\"IMG_2420k\" width=\"600\" height=\"400\" \/><\/a>Timon hat eben schon auf der Orgel Weihnachtslieder ge\u00fcbt, denn meine Gitarre bleibt dieses Jahr stumm. Mit meinem ledierten Handgelenk kann ich nicht zupfen.<\/p>\n<p style=\"text-align: center;\">Jetzt werde ich gleich meinen Moccha trinken und mich dann umziehen und zurecht machen.<\/p>\n<p style=\"text-align: center;\"><strong><span style=\"color: #800080;\">Ich w\u00fcnsche euch allen ein frohes Weihnachtsfest, genie\u00dft die Zeit mit euren Lieben! Bei uns gibt es heute Abend klassisch Kartoffelsalat (von Muttern, der Beste) und Schnitzel, au\u00dferdem hat Christian eine leckere Bowle mit sehr vielen Pfirsichst\u00fcckchen angesetzt. Die S\u00fc\u00dfigkeiten habe ich in diesem Jahr etwas abgespeckt, meistens bin ich die Einzige die sie sich reinschaufelt!<\/span><\/strong><\/p>\n<p style=\"text-align: center;\"><strong><span style=\"color: #800080;\">Nach Weihnachten melde ich mich wieder, dann kann ich euch die N\u00e4hprojekte zeigen die ich vor Weihnachten noch fertig gemacht habe! Mein Strickprojekt f\u00e4llt evtl. ins Wasser, wenn meine Hand nicht besser wird.<\/span><\/strong><\/p>\n<p style=\"text-align: center;\"><strong><span style=\"color: #800080;\">LIEBEVOLLe Gr\u00fc\u00dfe Dini.<\/span><\/strong><\/p>\n","protected":false},"excerpt":{"rendered":"<p>Der Countdown l\u00e4uft, noch zwei Stunden bis meine Eltern zu uns kommen. Eigentlich h\u00e4tte ich noch einiges zu tun, aber ich bin fl\u00fcgellahm (mein Handgelenk schmerzt seit gestern) und f\u00fcr nicht viel zu gebrauchen. Timon war daf\u00fcr heute meine rechte &hellip; <a href=\"http:\/\/liebevolles-handgemacht.de\/?p=2598\">Weiterlesen <span class=\"meta-nav\">&rarr;<\/span><\/a><\/p>\n","protected":false},"author":2,"featured_media":0,"comment_status":"open","ping_status":"open","sticky":false,"template":"","format":"standard","meta":{"footnotes":"","_links_to":"","_links_to_target":""},"categories":[3],"tags":[],"class_list":["post-2598","post","type-post","status-publish","format-standard","hentry","category-privates"],"_links":{"self":[{"href":"http:\/\/liebevolles-handgemacht.de\/index.php?rest_route=\/wp\/v2\/posts\/2598","targetHints":{"allow":["GET"]}}],"collection":[{"href":"http:\/\/liebevolles-handgemacht.de\/index.php?rest_route=\/wp\/v2\/posts"}],"about":[{"href":"http:\/\/liebevolles-handgemacht.de\/index.php?rest_route=\/wp\/v2\/types\/post"}],"author":[{"embeddable":true,"href":"http:\/\/liebevolles-handgemacht.de\/index.php?rest_route=\/wp\/v2\/users\/2"}],"replies":[{"embeddable":true,"href":"http:\/\/liebevolles-handgemacht.de\/index.php?rest_route=%2Fwp%2Fv2%2Fcomments&post=2598"}],"version-history":[{"count":1,"href":"http:\/\/liebevolles-handgemacht.de\/index.php?rest_route=\/wp\/v2\/posts\/2598\/revisions"}],"predecessor-version":[{"id":5847,"href":"http:\/\/liebevolles-handgemacht.de\/index.php?rest_route=\/wp\/v2\/posts\/2598\/revisions\/5847"}],"wp:attachment":[{"href":"http:\/\/liebevolles-handgemacht.de\/index.php?rest_route=%2Fwp%2Fv2%2Fmedia&parent=2598"}],"wp:term":[{"taxonomy":"category","embeddable":true,"href":"http:\/\/liebevolles-handgemacht.de\/index.php?rest_route=%2Fwp%2Fv2%2Fcategories&post=2598"},{"taxonomy":"post_tag","embeddable":true,"href":"http:\/\/liebevolles-handgemacht.de\/index.php?rest_route=%2Fwp%2Fv2%2Ftags&post=2598"}],"curies":[{"name":"wp","href":"https:\/\/api.w.org\/{rel}","templated":true}]}}