{"id":2616,"date":"2015-01-01T17:59:39","date_gmt":"2015-01-01T16:59:39","guid":{"rendered":"http:\/\/www.liebevoll-puppen.de\/?p=2616"},"modified":"2015-07-12T09:30:03","modified_gmt":"2015-07-12T09:30:03","slug":"das-alte-jahr-2014-geht-ein-neues-jahr-kommt","status":"publish","type":"post","link":"http:\/\/liebevolles-handgemacht.de\/?p=2616","title":{"rendered":"Das alte Jahr 2014 geht, ein neues Jahr kommt!"},"content":{"rendered":"<p style=\"text-align: center;\"><strong><span style=\"color: #800080;\">Jetzt wo das Jahr 2014 entg\u00fcltig abgeschlossen ist m\u00f6chte ich nochmal R\u00fcckschau halten, mit Bildern und Eindr\u00fccken des vergangenen Jahres. F\u00fcr uns war es ein gutes Jahr mit vielen sch\u00f6nen Momenten, trotzdem habe ich diejenigen vor Augen f\u00fcr die das letzte Jahr nicht so gut gelaufen ist, vor denen das neue Jahr wie ein ungewisser Weg liegt. Die Kunst ist auf der einen Seite Menschen die Unterst\u00fctzung brauchen zu begleiten, aber die Traurigkeit und Verzweiflung nicht so nah an sich heran zu lassen. So doof es vielleicht klingt, wenn man das Leiden Anderer sieht ist man sich seiner gl\u00fccklichen Situation bewusster und ich wei\u00df selber wie verg\u00e4nglich Gl\u00fcck ist. Also hei\u00dft es Kraft sammeln f\u00fcr die n\u00e4chsten schweren Aufgaben die das Schicksal vielleicht f\u00fcr uns bereit h\u00e4lt!<\/span><\/strong><\/p>\n<p style=\"text-align: left;\"><strong>\u00dcberraschung: <\/strong>Eine unerwartete \u00dcberraschung lag gleich am Anfang des Jahres vor mir. Ein Anruf ver\u00e4nderte all meine im Kopf geschmiedeten Pl\u00e4ne und ich begann nach 8 Jahren Pause wieder als Erzieherin im Kindergarten zu arbeiten. Die ersten Wochen waren ein Kraftakt und eine gro\u00dfe Umstellung f\u00fcr meine ganze Familie. Es musste in k\u00fcrzester Zeit viel organisiert werden und das ging nur mit viel Unterst\u00fctzung der ganzen Familie. Inzwischen darf ich an einer Weiterbildung teilnehmen, die im vergangenen Jahr angefangen hat und mich durch das neue Jahr begleiten wird, ich freue mich auf diese Aufgabe.<\/p>\n<p style=\"text-align: left;\"><a href=\"https:\/\/liebevolles-handgemacht.de\/wp-content\/uploads\/2015\/06\/DSCF0112k.jpg\"><img loading=\"lazy\" decoding=\"async\" class=\"aligncenter size-full wp-image-2617\" src=\"https:\/\/liebevolles-handgemacht.de\/wp-content\/uploads\/2015\/06\/DSCF0112k.jpg\" alt=\"DSCF0112k\" width=\"600\" height=\"400\" \/><\/a><\/p>\n<p style=\"text-align: left;\"><strong>Highlight: <\/strong>Mein pers\u00f6nliches Highlight war mein 40. Geburtstag. Ich wollte meinen 40. Geburtstag ganz gro\u00df feiern es war mir ein wichtiges Bed\u00fcrfnis. An dem Tag habe ich mir kurzfristig frei genommen. Ich sa\u00df morgens auf der Bank vor unserem Haus habe mich von der Sonne bescheinen lassen und dort gefr\u00fchst\u00fcckt. \u00dcber den Tag verteilt kamen immer wieder G\u00e4ste, viele haben an mich gedacht. Besonders gefreut habe ich mich \u00fcber unser Nachbars M\u00e4dchen, die mir ein selbstgemachtes Geschenk brachte!<\/p>\n<p style=\"text-align: left;\">Lange war ich mit den Vorbereitungen f\u00fcr die Geburtstagsfeier besch\u00e4ftigt, wieder mit vielen helfenden H\u00e4nden. Es war ein toller Abend mit Familie, Freunde und Bekannten und ich erinnere mich gerne daran.<\/p>\n<p style=\"text-align: left;\"><a href=\"https:\/\/www.liebevolles-handgemacht.de\/wp-content\/uploads\/2015\/06\/IMG_0843k.jpg\"><img loading=\"lazy\" decoding=\"async\" class=\"aligncenter size-full wp-image-1809\" src=\"https:\/\/www.liebevolles-handgemacht.de\/wp-content\/uploads\/2015\/06\/IMG_0843k.jpg\" alt=\"IMG_0843k\" width=\"600\" height=\"400\" \/><\/a><\/p>\n<p style=\"text-align: left;\"><strong>Reisen: <\/strong>Unsere Schottlandreise haben wir zu dritt genossen. Wir konnten uns an der sch\u00f6nen Landschaft gar nicht satt sehen und waren verzaubert. Die Fotos konnten einfach nicht ausdr\u00fccken was wir dort gesehen haben. Jetzt schon freue ich mich auf den n\u00e4chsten Sommerurlaub, der bereits geplant ist. Diesmal geht es nach Irland, mit dem Boot \u00fcber Fl\u00fcsse!<\/p>\n<p style=\"text-align: left;\"><a href=\"https:\/\/www.liebevolles-handgemacht.de\/wp-content\/uploads\/2015\/06\/DSCF1158k.jpg\"><img loading=\"lazy\" decoding=\"async\" class=\"aligncenter size-full wp-image-1974\" src=\"https:\/\/www.liebevolles-handgemacht.de\/wp-content\/uploads\/2015\/06\/DSCF1158k.jpg\" alt=\"DSCF1158k\" width=\"400\" height=\"600\" \/><\/a><a href=\"https:\/\/www.liebevolles-handgemacht.de\/wp-content\/uploads\/2015\/06\/DSCF1223k.jpg\"><img loading=\"lazy\" decoding=\"async\" class=\"aligncenter size-full wp-image-1977\" src=\"https:\/\/www.liebevolles-handgemacht.de\/wp-content\/uploads\/2015\/06\/DSCF1223k.jpg\" alt=\"DSCF1223k\" width=\"600\" height=\"400\" \/><\/a>Einen Kurzurlaub zu zweit an der Ostsee, tat uns nach arbeitsreichen Wochen gut. Das Wetter war sch\u00f6n und wir tankten uns mit neuer Energie auf.<\/p>\n<p style=\"text-align: left;\"><a href=\"https:\/\/www.liebevolles-handgemacht.de\/wp-content\/uploads\/2015\/06\/DSCF2061k.jpg\"><img loading=\"lazy\" decoding=\"async\" class=\"aligncenter size-full wp-image-2273\" src=\"https:\/\/www.liebevolles-handgemacht.de\/wp-content\/uploads\/2015\/06\/DSCF2061k.jpg\" alt=\"DSCF2061k\" width=\"600\" height=\"285\" \/><\/a><strong>Aktivit\u00e4ten: <\/strong>Jedes Jahr h\u00e4lt viele Termine und Aktivit\u00e4ten bereit. Manchmal bin ich ehrlich gesagt genervt vom vollen Kalender. Wenn man aktiv am Gesellschaftsleben teilnimmt ist man immer unterwegs. Manchmal hat es mich \u00fcberfordert allen Anspr\u00fcchen und Erwartungen anderer zu erf\u00fcllen. Es gab viele Wochenenden die vollgestopft waren mit Terminen die uns aufgezwungen wurden. Dabei h\u00e4tten wir manchmal ein bisschen mehr Ruhe gebrauchen k\u00f6nnen, in unserem oft hektischen Alltag. Trotzdem haben wir viele sch\u00f6ne Momente erlebt, im Schulleben der Brede, bei Aktivit\u00e4ten im Dorfleben und bei Feiern in der Familie oder bei Auftritten mit dem Chor!<\/p>\n<p style=\"text-align: left;\"><a href=\"https:\/\/www.liebevolles-handgemacht.de\/wp-content\/uploads\/2015\/06\/IMG_0708k.jpg\"><img loading=\"lazy\" decoding=\"async\" class=\"aligncenter size-full wp-image-1770\" src=\"https:\/\/www.liebevolles-handgemacht.de\/wp-content\/uploads\/2015\/06\/IMG_0708k.jpg\" alt=\"IMG_0708k\" width=\"600\" height=\"400\" \/><\/a><\/p>\n<p style=\"text-align: left;\"><strong>Zwischenmenschliches: <\/strong>Ich habe nicht viele Freunde und Bekannte, aber ich genie\u00dfe es sehr mit ihnen zusammen zu sein und gemeinsame Momente und Gespr\u00e4che zu teilen. Hierbei kann man Energie sch\u00f6pfen. Freunde, Bekannte und Familie sind Tankstellen an denen man sich auftanken kann.<\/p>\n<p style=\"text-align: left;\">Leider blieb im vergangenen Jahr nicht viel Zeit f\u00fcr gemeinsame Treffen, viel zu selten ist es gelungen. F\u00fcr das n\u00e4chste Jahr habe ich mir vorgenommen wieder mehr Momente zu schaffen. Die Momente die es gab, habe ich genossen. Es ist zu schade nur bei Beerdigungen gezwungener Ma\u00dfen zusammen zu kommen, weil man es sonst nicht schafft!<\/p>\n<p style=\"text-align: left;\">Sch\u00f6ne Momente erlebten wir bei einem gro\u00dfen Familientreffen meines Vaters Seite, die Kommunion von Jenna, den Besuch in M\u00f6nchengladbach wo wir alte Videoaufnahmen angeschaut haben, und, und, und&#8230;<\/p>\n<p style=\"text-align: left;\"><a href=\"https:\/\/liebevolles-handgemacht.de\/wp-content\/uploads\/2015\/06\/IMG_1143k.jpg\"><img loading=\"lazy\" decoding=\"async\" class=\"aligncenter size-full wp-image-2618\" src=\"https:\/\/liebevolles-handgemacht.de\/wp-content\/uploads\/2015\/06\/IMG_1143k.jpg\" alt=\"IMG_1143k\" width=\"600\" height=\"400\" \/><\/a><strong>Abschiede: <\/strong>In jedem Jahr muss von lieben Menschen Abschied genommen werden, oft \u00fcberraschend und unerwartet. Es gab einige Abschiede die viel zu fr\u00fch kamen und mich innerlich sehr besch\u00e4ftigt haben. Aber es bleiben die Erinnerungen an gemeinsame Zeiten und die sind unausl\u00f6schbar!<\/p>\n<p style=\"text-align: left;\"><a href=\"https:\/\/liebevolles-handgemacht.de\/wp-content\/uploads\/2015\/06\/IMG_2027k.jpg\"><img loading=\"lazy\" decoding=\"async\" class=\"aligncenter size-full wp-image-2317\" src=\"https:\/\/liebevolles-handgemacht.de\/wp-content\/uploads\/2015\/06\/IMG_2027k.jpg\" alt=\"IMG_2027k\" width=\"600\" height=\"400\" \/><\/a><strong>Blogbeitr\u00e4ge: <\/strong>Hier war einiges los auf meinem Blog, die Besucherzahlen sind st\u00e4tig gestiegen. Dies hat mich dazu animiert weiter zu schreiben. Manchmal fehlte die Zeit und so konnte ich viele Sachen nicht umsetzten. Vor allen die Foto-N\u00e4hanleitungen werden immer wieder gesucht. Es haben sich durch den Blog viele nette Kontakte zu anderen ergeben, besonders \u00fcber die positiven R\u00fcckmeldungen habe ich mich sehr gefreut. Auch die ernsten Themen wie Tod und Trauer haben euch interessiert. Vielleicht zeigt es wie wichtig dieses sensible Thema ist, was uns ob wir wollen oder nicht immer wieder betrifft!<\/p>\n<p style=\"text-align: left;\"><a href=\"https:\/\/liebevolles-handgemacht.de\/wp-content\/uploads\/2015\/06\/IMG_2118k.jpg\"><img loading=\"lazy\" decoding=\"async\" class=\"aligncenter size-full wp-image-2415\" src=\"https:\/\/liebevolles-handgemacht.de\/wp-content\/uploads\/2015\/06\/IMG_2118k.jpg\" alt=\"IMG_2118k\" width=\"600\" height=\"400\" \/><\/a><strong>N\u00e4harbeiten: <\/strong>Meine N\u00e4h- und Stickmaschine waren in diesem Jahr etwas unterfordert, ich hatte deutlich weniger Zeit zum N\u00e4hen. Trotzdem gab es keine Langeweile, ich hatte auch ohne DaWanda viele Auftr\u00e4ge, die ich mit viel Herzblut umgesetzt habe. Die R\u00fcckmeldungen wenn sich die Beschenkten gefreut haben, freuen mich sehr. Heute sagte mir meine Nachbarin, dass ihre Enkeltochter die von mir gen\u00e4hte Puppe gar nicht mehr losl\u00e4sst. Das ist dann die gr\u00f6\u00dfte Belohnung f\u00fcr die vielen Stunden die ich an einem N\u00e4hprojekt gearbeitet habe.<\/p>\n<p style=\"text-align: left;\"><a href=\"https:\/\/liebevolles-handgemacht.de\/wp-content\/uploads\/2015\/06\/IMG_2157k.jpg\"><img loading=\"lazy\" decoding=\"async\" class=\"aligncenter size-full wp-image-2452\" src=\"https:\/\/liebevolles-handgemacht.de\/wp-content\/uploads\/2015\/06\/IMG_2157k.jpg\" alt=\"IMG_2157k\" width=\"600\" height=\"400\" \/><\/a><a href=\"https:\/\/liebevolles-handgemacht.de\/wp-content\/uploads\/2015\/06\/IMG_2246k.jpg\"><img loading=\"lazy\" decoding=\"async\" class=\"aligncenter size-full wp-image-2516\" src=\"https:\/\/liebevolles-handgemacht.de\/wp-content\/uploads\/2015\/06\/IMG_2246k.jpg\" alt=\"IMG_2246k\" width=\"600\" height=\"377\" \/><\/a><strong>Aussichten: <\/strong>Es ist unm\u00f6glich zu sagen was das neue Jahr bringen wird. Das Leben macht sowieso mit uns was es will! Ich glaube nicht mehr daran, dass wir wirklich selber entscheiden k\u00f6nnen wohin unsere Reise geht. Zu oft habe ich erlebt das Pl\u00e4ne durchkreuzt wurden. Aber trotzdem w\u00e4re es langweilig einfach abzuwarten was passiert. In meinem Kopf ist schon wieder ganz viel los, Ideen spuken darin herum. Keine Ahnung was dieses neue Jahr bringt, aber ich bin bereit es anzugehen, immer mit ein bisschen Angst dabei, aber voller Tatendrang!<\/p>\n<p style=\"text-align: center;\"><a href=\"https:\/\/www.liebevolles-handgemacht.de\/wp-content\/uploads\/2015\/06\/IMG_0242k.jpg\"><img loading=\"lazy\" decoding=\"async\" class=\"aligncenter size-full wp-image-1452\" src=\"https:\/\/www.liebevolles-handgemacht.de\/wp-content\/uploads\/2015\/06\/IMG_0242k.jpg\" alt=\"IMG_0242k\" width=\"600\" height=\"400\" \/><\/a><span style=\"color: #800080;\"><strong>Meine Cousine Verena hat auf ihren <a title=\"all about Gl\u00fcck\" href=\"https:\/\/www.facebook.com\/allaboutglueck\" target=\"_blank\">Blog auf Facebook<\/a> etwas sch\u00f6nes geschrieben: &#8220; F\u00fcr mich ist diese Zeit kurz vor Silvester schon immer wie magisch gewesen&#8230;das neue Jahr liegt vor Einem, wie eine wei\u00dfe Leinwand, bereit neu bemalt oder beschrieben zu werden. Und wir haben die M\u00f6glichkeit, dieses neue Jahr zu einem gro\u00dfartigen Jahr zu machen!&#8220;<\/strong><\/span><\/p>\n<p style=\"text-align: center;\"><strong><span style=\"color: #800080;\">Ich denke nicht wir alleine werden an dieser wei\u00dfen Leinwand arbeiten, es wird Ereignisse geben die Spuren auf der Leinwand hinterlassen, die wir nicht immer selber beeinflussen werden. Manche dieser Spuren werden unser Kunstwerk bereichern und versch\u00f6nern, aber es werden vielleicht auch h\u00e4\u00dfliche Flecken oder Macken zur\u00fcckbleiben. An uns liegt es dann, ob wir die Flecken und Macken anzunehmen und akzeptieren oder ob wir es schaffen sie zu ver\u00e4ndern oder zu \u00fcbermalen, damit es wieder zu uns und unseren Leben passt.<\/span><\/strong><\/p>\n<p style=\"text-align: center;\"><strong><span style=\"color: #800080;\">Mir gef\u00e4llt der Gedanke einer gro\u00dfen, wei\u00dfen Leinwand und ich bin gespannt wie mein pers\u00f6nliches Kunstwerk am Ende dieses Jahres aussieht! Ihr werdet hier auf meinem Blog ein St\u00fcck daran teilhaben k\u00f6nnen und darauf freue ich mich. Ich w\u00fcnsche euch und euren Familien ein gutes, gl\u00fcckliches und gesundes Jahr 2015!<\/span><\/strong><\/p>\n<p style=\"text-align: center;\"><strong><span style=\"color: #800080;\">LIEBEVOLLe Gr\u00fc\u00dfe Dini.<\/span><\/strong><\/p>\n","protected":false},"excerpt":{"rendered":"<p>Jetzt wo das Jahr 2014 entg\u00fcltig abgeschlossen ist m\u00f6chte ich nochmal R\u00fcckschau halten, mit Bildern und Eindr\u00fccken des vergangenen Jahres. F\u00fcr uns war es ein gutes Jahr mit vielen sch\u00f6nen Momenten, trotzdem habe ich diejenigen vor Augen f\u00fcr die das &hellip; <a href=\"http:\/\/liebevolles-handgemacht.de\/?p=2616\">Weiterlesen <span class=\"meta-nav\">&rarr;<\/span><\/a><\/p>\n","protected":false},"author":2,"featured_media":0,"comment_status":"open","ping_status":"open","sticky":false,"template":"","format":"standard","meta":{"footnotes":"","_links_to":"","_links_to_target":""},"categories":[3],"tags":[],"class_list":["post-2616","post","type-post","status-publish","format-standard","hentry","category-privates"],"_links":{"self":[{"href":"http:\/\/liebevolles-handgemacht.de\/index.php?rest_route=\/wp\/v2\/posts\/2616","targetHints":{"allow":["GET"]}}],"collection":[{"href":"http:\/\/liebevolles-handgemacht.de\/index.php?rest_route=\/wp\/v2\/posts"}],"about":[{"href":"http:\/\/liebevolles-handgemacht.de\/index.php?rest_route=\/wp\/v2\/types\/post"}],"author":[{"embeddable":true,"href":"http:\/\/liebevolles-handgemacht.de\/index.php?rest_route=\/wp\/v2\/users\/2"}],"replies":[{"embeddable":true,"href":"http:\/\/liebevolles-handgemacht.de\/index.php?rest_route=%2Fwp%2Fv2%2Fcomments&post=2616"}],"version-history":[{"count":2,"href":"http:\/\/liebevolles-handgemacht.de\/index.php?rest_route=\/wp\/v2\/posts\/2616\/revisions"}],"predecessor-version":[{"id":5844,"href":"http:\/\/liebevolles-handgemacht.de\/index.php?rest_route=\/wp\/v2\/posts\/2616\/revisions\/5844"}],"wp:attachment":[{"href":"http:\/\/liebevolles-handgemacht.de\/index.php?rest_route=%2Fwp%2Fv2%2Fmedia&parent=2616"}],"wp:term":[{"taxonomy":"category","embeddable":true,"href":"http:\/\/liebevolles-handgemacht.de\/index.php?rest_route=%2Fwp%2Fv2%2Fcategories&post=2616"},{"taxonomy":"post_tag","embeddable":true,"href":"http:\/\/liebevolles-handgemacht.de\/index.php?rest_route=%2Fwp%2Fv2%2Ftags&post=2616"}],"curies":[{"name":"wp","href":"https:\/\/api.w.org\/{rel}","templated":true}]}}