{"id":2779,"date":"2015-03-16T11:25:29","date_gmt":"2015-03-16T10:25:29","guid":{"rendered":"http:\/\/www.liebevoll-puppen.de\/?p=2779"},"modified":"2015-07-11T22:30:52","modified_gmt":"2015-07-11T22:30:52","slug":"der-alltag-hat-mich-wieder","status":"publish","type":"post","link":"http:\/\/liebevolles-handgemacht.de\/?p=2779","title":{"rendered":"Der Alltag hat mich wieder"},"content":{"rendered":"<p style=\"text-align: center;\"><strong><span style=\"color: #800080;\">Das Wochenende ist rum und ab heute beginnt eine neue Arbeitswoche. Nachdem ich fast zwei Wochen krank war irgendwie komisch. Als Kind hatte ich schon immer so meine Schwierigkeiten wenn nach dem Wochenende oder den Ferien die Schule wieder losging. Wie gut das der Montagmorgen frei ist und ich erst nachmittags arbeiten muss!<\/span><\/strong><\/p>\n<p style=\"text-align: center;\"><a href=\"https:\/\/liebevolles-handgemacht.de\/wp-content\/uploads\/2015\/06\/IMG_2597k.jpg\"><img loading=\"lazy\" decoding=\"async\" class=\"aligncenter size-full wp-image-2772\" src=\"https:\/\/liebevolles-handgemacht.de\/wp-content\/uploads\/2015\/06\/IMG_2597k.jpg\" alt=\"IMG_2597k\" width=\"4272\" height=\"2848\" \/><\/a>Zum N\u00e4hen benutze ich gerne diese Papierklammern und habe mir erstmal neue dazu gekauft, man kann davon nicht genug haben. Ich nehme sie gerne wenn ich mehrere Stoffschichten fixieren muss, auch bei dickem Wollfilz oder Leder. Und weil ich es im Internet gesehen habe und es mir gut gefiel, habe ich sie mit masking tape beklebt. Sieht einfach sch\u00f6n aus!<\/p>\n<p style=\"text-align: center;\"><a href=\"https:\/\/liebevolles-handgemacht.de\/wp-content\/uploads\/2015\/06\/IMG_2598k.jpg\"><img loading=\"lazy\" decoding=\"async\" class=\"aligncenter size-full wp-image-2773\" src=\"https:\/\/liebevolles-handgemacht.de\/wp-content\/uploads\/2015\/06\/IMG_2598k.jpg\" alt=\"IMG_2598k\" width=\"600\" height=\"574\" \/><\/a>Meinen masking tape Vorrat habe ich auch erstmal aufgef\u00fcllt. Bei Tschibo gab es die im\u00a0 10er Pack, die musste ich dann gleich mal mitnehmen.<\/p>\n<p style=\"text-align: center;\"><a href=\"https:\/\/liebevolles-handgemacht.de\/wp-content\/uploads\/2015\/06\/IMG_2609k.jpg\"><img loading=\"lazy\" decoding=\"async\" class=\"aligncenter size-full wp-image-2778\" src=\"https:\/\/liebevolles-handgemacht.de\/wp-content\/uploads\/2015\/06\/IMG_2609k.jpg\" alt=\"IMG_2609k\" width=\"600\" height=\"400\" \/><\/a>Am Wochenende habe ich endlich mal ein paar N\u00e4harbeiten erledigt die schon lange auf meiner Liste standen und Stoffe verarbeitet die darauf warteten vern\u00e4ht zu werden! Ich finde es sieht etwas nach Fr\u00fchling aus, oder? Wer sich nun fragt was das sein soll, es sind Topflappen!<\/p>\n<p style=\"text-align: center;\"><a href=\"https:\/\/liebevolles-handgemacht.de\/wp-content\/uploads\/2015\/06\/IMG_2607k.jpg\"><img loading=\"lazy\" decoding=\"async\" class=\"aligncenter size-full wp-image-2777\" src=\"https:\/\/liebevolles-handgemacht.de\/wp-content\/uploads\/2015\/06\/IMG_2607k.jpg\" alt=\"IMG_2607k\" width=\"600\" height=\"400\" \/><\/a>Und weil ich den Stoff so mag habe ich noch gleich eine kleine Tasche f\u00fcr meine Kopfh\u00f6rer gen\u00e4ht. Kennt ihr das wenn sich das Kabel immer so vert\u00fcddelt und man ewig braucht um es zu entwirren? Damit ist jetzt Schlu\u00df, einmal um die Hand gewickelt und ab in die Tasche. Ich gebe zu die Tasche h\u00e4tte im Durchmesser 1,5 cm mehr haben d\u00fcrfen, dann w\u00e4ren die Kopfh\u00f6rer leichter darin verschwunden. Und damit man die Tasche im Rucksack nicht suchen muss, habe ich einen Karabiner mit eingen\u00e4ht.<\/p>\n<p style=\"text-align: center;\"><a href=\"https:\/\/liebevolles-handgemacht.de\/wp-content\/uploads\/2015\/06\/IMG_2602k.jpg\"><img loading=\"lazy\" decoding=\"async\" class=\"aligncenter size-full wp-image-2774\" src=\"https:\/\/liebevolles-handgemacht.de\/wp-content\/uploads\/2015\/06\/IMG_2602k.jpg\" alt=\"IMG_2602k\" width=\"400\" height=\"600\" \/><\/a>Weihnachten hatte ich ein neues I-Pad bekommen. Daf\u00fcr brauchte ich zum Einen eine H\u00fclle und eine Mappe f\u00fcr den Transport. Ich habe lange gebraucht um mich daran zu begeben. Vor drei Wochen habe ich mir die H\u00fclle gen\u00e4ht, aus Leder und Wollfilz. Sie ist zweckm\u00e4\u00dfig aber so richtig zufrieden war ich nicht. Obwohl ich das Leder mit d\u00fcnnen Wollfilz verst\u00e4rkt habe ist es zu labberig, was wohl auch daran liegt das es nur ein sehr schmaler Rahmen sein durfte, der noch dazu oben offen sein musste. Die R\u00fcckseite ist auf 3mm dicken Wollfilz. Die H\u00fclle h\u00e4tte im ganzen einige Millimeter kleiner sein k\u00f6nnen.<\/p>\n<p style=\"text-align: center;\">Damit ich das I-Pad sicher transportieren kann habe ich mir dann gestern eine Mappe gen\u00e4ht. Die Vorderseite ist aus 3mm dicken Wollfilz, innen habe ich wundersch\u00f6nen bunten Baumwollstoff von Hamburgerliebe vern\u00e4ht, den ich mit dicken Decovil verst\u00e4rkt.<\/p>\n<p style=\"text-align: center;\"><a href=\"https:\/\/liebevolles-handgemacht.de\/wp-content\/uploads\/2015\/06\/IMG_2603k.jpg\"><img loading=\"lazy\" decoding=\"async\" class=\"aligncenter size-full wp-image-2775\" src=\"https:\/\/liebevolles-handgemacht.de\/wp-content\/uploads\/2015\/06\/IMG_2603k.jpg\" alt=\"IMG_2603k\" width=\"600\" height=\"400\" \/><\/a>Auf die Vorderseite habe ich dann aus den Stoff zwei Elefanten und ein Herz mit Decovil light verst\u00e4rkt und dann ausgeschnitten und aufgen\u00e4ht. Damit es noch etwas h\u00fcbscher aussieht habe ich ein paar Schmuck- und Stra\u00dfsteine aufgeklebt. Kann man auf dem Foto aber nicht richtig sehen! Aus einem farblich passenden Hamburgerliebe Stoff habe ich mir selber Schr\u00e4gband hergestellt. Vor ewiger Zeit hatte ich mir mal einen Schr\u00e4gbandformer gekauft der nun endlich zum Einsatz kam.<\/p>\n<p style=\"text-align: center;\"><a href=\"https:\/\/liebevolles-handgemacht.de\/wp-content\/uploads\/2015\/06\/IMG_2605k.jpg\"><img loading=\"lazy\" decoding=\"async\" class=\"aligncenter size-full wp-image-2776\" src=\"https:\/\/liebevolles-handgemacht.de\/wp-content\/uploads\/2015\/06\/IMG_2605k.jpg\" alt=\"IMG_2605k\" width=\"600\" height=\"400\" \/><\/a>Hier nochmal die H\u00fclle von der R\u00fcckseite. Immer auf Sicherheit bedacht habe ich zu dem Gummiband noch einen Riegel vorne angen\u00e4ht. So ist das I-Pad zu allen Seiten hin gesichert.<\/p>\n<p style=\"text-align: center;\"><strong><span style=\"color: #800080;\">Und bevor ich nun weitere Ideen meiner Liste abarbeite muss ich mich erstmal um Altlasten k\u00fcmmern! Ich wei\u00df davon habe ich vor 4 Wochen auch schon gesprochen, aber irgendwie kam immer wieder etwas anderes dazwischen. Ich wei\u00df Ausreden sind wie Ar&#8230;&#8230;..<\/span><\/strong><\/p>\n<p style=\"text-align: center;\"><strong><span style=\"color: #800080;\">Euch w\u00fcnsche ich eine gute Woche. Diese Woche wird es noch eine N\u00e4hanleitung f\u00fcr das kleine Lederetui geben. Die hatte ich gleich mit dem I-Padkissen fertig gemacht, also die Fotos. Schreiben muss ich die Anleitung aber noch.<\/span><\/strong><\/p>\n<p style=\"text-align: center;\"><span style=\"color: #800080;\"><strong>LIEBEVOLLe Gr\u00fc\u00dfe Dini.<\/strong><\/span><\/p>\n","protected":false},"excerpt":{"rendered":"<p>Das Wochenende ist rum und ab heute beginnt eine neue Arbeitswoche. Nachdem ich fast zwei Wochen krank war irgendwie komisch. Als Kind hatte ich schon immer so meine Schwierigkeiten wenn nach dem Wochenende oder den Ferien die Schule wieder losging. &hellip; <a href=\"http:\/\/liebevolles-handgemacht.de\/?p=2779\">Weiterlesen <span class=\"meta-nav\">&rarr;<\/span><\/a><\/p>\n","protected":false},"author":2,"featured_media":0,"comment_status":"open","ping_status":"open","sticky":false,"template":"","format":"standard","meta":{"footnotes":"","_links_to":"","_links_to_target":""},"categories":[6],"tags":[],"class_list":["post-2779","post","type-post","status-publish","format-standard","hentry","category-ideen"],"_links":{"self":[{"href":"http:\/\/liebevolles-handgemacht.de\/index.php?rest_route=\/wp\/v2\/posts\/2779","targetHints":{"allow":["GET"]}}],"collection":[{"href":"http:\/\/liebevolles-handgemacht.de\/index.php?rest_route=\/wp\/v2\/posts"}],"about":[{"href":"http:\/\/liebevolles-handgemacht.de\/index.php?rest_route=\/wp\/v2\/types\/post"}],"author":[{"embeddable":true,"href":"http:\/\/liebevolles-handgemacht.de\/index.php?rest_route=\/wp\/v2\/users\/2"}],"replies":[{"embeddable":true,"href":"http:\/\/liebevolles-handgemacht.de\/index.php?rest_route=%2Fwp%2Fv2%2Fcomments&post=2779"}],"version-history":[{"count":1,"href":"http:\/\/liebevolles-handgemacht.de\/index.php?rest_route=\/wp\/v2\/posts\/2779\/revisions"}],"predecessor-version":[{"id":5823,"href":"http:\/\/liebevolles-handgemacht.de\/index.php?rest_route=\/wp\/v2\/posts\/2779\/revisions\/5823"}],"wp:attachment":[{"href":"http:\/\/liebevolles-handgemacht.de\/index.php?rest_route=%2Fwp%2Fv2%2Fmedia&parent=2779"}],"wp:term":[{"taxonomy":"category","embeddable":true,"href":"http:\/\/liebevolles-handgemacht.de\/index.php?rest_route=%2Fwp%2Fv2%2Fcategories&post=2779"},{"taxonomy":"post_tag","embeddable":true,"href":"http:\/\/liebevolles-handgemacht.de\/index.php?rest_route=%2Fwp%2Fv2%2Ftags&post=2779"}],"curies":[{"name":"wp","href":"https:\/\/api.w.org\/{rel}","templated":true}]}}