{"id":2816,"date":"2015-03-29T15:17:36","date_gmt":"2015-03-29T13:17:36","guid":{"rendered":"http:\/\/www.liebevoll-puppen.de\/?p=2816"},"modified":"2015-07-11T22:23:54","modified_gmt":"2015-07-11T22:23:54","slug":"stoffeinkauf-bei-evlis-needle","status":"publish","type":"post","link":"http:\/\/liebevolles-handgemacht.de\/?p=2816","title":{"rendered":"Stoffeinkauf bei Evli&#8217;s Needle"},"content":{"rendered":"<p style=\"text-align: center;\"><strong><span style=\"color: #800080;\">Der Monat M\u00e4rz und ich werden in diesem Jahr keine Freunde! Irgendwie hat mich der M\u00e4rz \u00fcberrannt, ich kam einfach nicht hinterher. Erst habe ich den Geburtstag meines Vaters vergessen und gestern stellte ich pl\u00f6tzlich fest dass ein Geschenk das heute ben\u00f6tigt wurde noch nicht fertig war. Haben wir wirklich schon wieder das letzte Wochenende im M\u00e4rz??? Ich habe aber trotzdem noch alles geschafft und die Fotos m\u00f6chte ich euch heute zeigen. Leider musste ich sie gestern Abend noch machen und das Licht war wie immer eine Katastrophe.<\/span><\/strong><\/p>\n<div id=\"attachment_2808\" style=\"width: 610px\" class=\"wp-caption aligncenter\"><a href=\"https:\/\/liebevolles-handgemacht.de\/wp-content\/uploads\/2015\/06\/IMG_2647k.jpg\"><img loading=\"lazy\" decoding=\"async\" aria-describedby=\"caption-attachment-2808\" class=\"wp-image-2808 size-full\" src=\"https:\/\/liebevolles-handgemacht.de\/wp-content\/uploads\/2015\/06\/IMG_2647k.jpg\" alt=\"IMG_2647k\" width=\"600\" height=\"439\" \/><\/a><p id=\"caption-attachment-2808\" class=\"wp-caption-text\">Die Stickdatei ist von Kunterbunt design &#8222;Knubbeltiere&#8220;!<\/p><\/div>\n<p style=\"text-align: center;\">Ein Geburtskissen mit einem Zebra passend zum Zimmer! Dieses Kissen lag eine ganze Zeit halbfertig im Arbeitszimmer und immer kam etwas anderes dazwischen.<\/p>\n<p style=\"text-align: center;\"><a href=\"https:\/\/liebevolles-handgemacht.de\/wp-content\/uploads\/2015\/06\/IMG_2653k.jpg\"><img loading=\"lazy\" decoding=\"async\" class=\"aligncenter size-full wp-image-2810\" src=\"https:\/\/liebevolles-handgemacht.de\/wp-content\/uploads\/2015\/06\/IMG_2653k.jpg\" alt=\"IMG_2653k\" width=\"600\" height=\"400\" \/><\/a>Ein kleiner Schutzengel, mit Namen auf dem Kleid. F\u00fcr die Patin des Kindes habe ich auf Wunsch zus\u00e4tzlich ein Filzherz mit Namen gemacht welches sie sich ins Portemonnaie stecken m\u00f6chte.<\/p>\n<p style=\"text-align: center;\"><a href=\"https:\/\/liebevolles-handgemacht.de\/wp-content\/uploads\/2015\/06\/IMG_2651k.jpg\"><img loading=\"lazy\" decoding=\"async\" class=\"aligncenter size-full wp-image-2809\" src=\"https:\/\/liebevolles-handgemacht.de\/wp-content\/uploads\/2015\/06\/IMG_2651k.jpg\" alt=\"IMG_2651k\" width=\"486\" height=\"600\" \/><\/a>Hier ein kleines Foto-Einsteckalbum. Der Name ist mit der Stickmaschine gestickt, das Herz habe ich mit der N\u00e4hmaschine festgen\u00e4ht. Durch die digitalen Fotos gibt es inzwischen fast alle Aufnahmen auf dem Handy oder Computer. Aber f\u00fcr Kleinkinder ab etwa 1 1\/2 Jahre ist so ein selbstgemachtes Bilderbuch super. Gerade wenn Kinder alleine bei Oma und Opa, der Tagesmutter oder anderen bekannten Personen bleiben sollen ist ein Album best\u00fcckt mit Fotos von Mama und Papa, Haustieren, Lieblingsspielzeug oder anderen Dingen die das Kind interessieren sehr hilfreich.<\/p>\n<p style=\"text-align: center;\">Das Album kann dann mit der Betreuungsperson zusammen angeguckt werden. Man kann dar\u00fcber erz\u00e4hlen, mit dem Kind ins Gespr\u00e4ch kommen. Bei Kindern die die Sprache noch nicht f\u00fcr sich entdeckt haben, k\u00f6nnte zu den Fotos noch etwas geschrieben sein. Auch Notfallnummern, Allergien oder Lebensmittelunvertr\u00e4glichkeiten finden hier ihren Platz! Und Kinder lieben es Fotos von sich und bekannten Personen anzuschauen! Wieder und wieder und wieder&#8230;<\/p>\n<p style=\"text-align: center;\"><a href=\"https:\/\/liebevolles-handgemacht.de\/wp-content\/uploads\/2015\/06\/IMG_2662k.jpg\"><img loading=\"lazy\" decoding=\"async\" class=\"aligncenter size-full wp-image-2811\" src=\"https:\/\/liebevolles-handgemacht.de\/wp-content\/uploads\/2015\/06\/IMG_2662k.jpg\" alt=\"IMG_2662k\" width=\"400\" height=\"600\" \/><\/a>In der \u00dcberschrift habe ich es schon angek\u00fcndigt, ich war in Kassel bei <a title=\"Stoffgesch\u00e4ft Kassel\" href=\"http:\/\/www.evlis-needle.de\/Strick---Wolle\/Glitzerstoff-Pailletten-creme-meliert.html\" target=\"_blank\">Evli&#8217;s Needle<\/a>. Nachdem ich bei Facebook die Vorbereitung zur Er\u00f6ffnung und alle Aktivit\u00e4ten verfolgt habe, wollte ich unbedingt dort hin. Sch\u00f6n ist das das Stoffgesch\u00e4ft so nah an der Fu\u00dfg\u00e4ngerzone ist. Wir haben bei Kaufhof geparkt und von da aus l\u00e4uft man 1 Min.<\/p>\n<p style=\"text-align: center;\">Meinen Mann habe ich dann gleich auf dem Sofa geparkt, die Verk\u00e4uferinnen erkundigten sich ob er mit der Zeitungauswahl zufrieden sei und ich konnte ganz in Ruhe 1 1\/2 Stunden st\u00f6bern! Erstmal musste ich mir einen \u00dcberblick verschaffen, denn die Auswahl ist wirklich gro\u00df. Und dann musste ich mit meinen N\u00e4hprojekten im Kopf eine Auswahl an Stoffen treffen, schwierig&#8230;<\/p>\n<p style=\"text-align: center;\">Es ist so sch\u00f6n wenn man die Stoffe f\u00fchlen kann und nicht im Internet per Bildschirm aussuchen muss. Der <a title=\"Alpenfleece\" href=\"http:\/\/www.evlis-needle.de\/Fleece---Teddy\/Alpen-Fleece--Grau-Meliert-Hellgrau---Dots.html\" target=\"_blank\">Alpenfleece<\/a> von dem den ganzen Winter so geschw\u00e4rmt wurde ist wirklich ein Traum. Da ich mir eine \u00dcbergangsjacke n\u00e4hen m\u00f6chte habe ich 3 Meter davon mitgenommen. Oben auf dem Foto kann man ihn nicht gut sehen, es ist der unterste Stoff in dunkelblau.<\/p>\n<p style=\"text-align: center;\"><a href=\"https:\/\/liebevolles-handgemacht.de\/wp-content\/uploads\/2015\/06\/IMG_2663k.jpg\"><img loading=\"lazy\" decoding=\"async\" class=\"aligncenter size-full wp-image-2812\" src=\"https:\/\/liebevolles-handgemacht.de\/wp-content\/uploads\/2015\/06\/IMG_2663k.jpg\" alt=\"IMG_2663k\" width=\"422\" height=\"600\" \/><\/a>Diese Stoffe, die obersten drei aus Leinen, der gestreifte aus Jersey und der untere aus Baumwolle habe ich ohne direkte Bestimmung mitgenommen.<\/p>\n<p style=\"text-align: center;\"><a href=\"https:\/\/liebevolles-handgemacht.de\/wp-content\/uploads\/2015\/06\/IMG_2665k.jpg\"><img loading=\"lazy\" decoding=\"async\" class=\"aligncenter size-full wp-image-2813\" src=\"https:\/\/liebevolles-handgemacht.de\/wp-content\/uploads\/2015\/06\/IMG_2665k.jpg\" alt=\"IMG_2665k\" width=\"600\" height=\"400\" \/><\/a>Hier vier Viskosejerseys, sie f\u00fchlen sich so gut an! Unten einer in schwarz, aus den beigen und gestreiften m\u00f6chte ich mir eine Malotty n\u00e4hen und aus dem Oberen sehr wahrscheinlich eine Strickjacke.<\/p>\n<p style=\"text-align: center;\"><a href=\"https:\/\/liebevolles-handgemacht.de\/wp-content\/uploads\/2015\/06\/IMG_2667k.jpg\"><img loading=\"lazy\" decoding=\"async\" class=\"aligncenter size-full wp-image-2814\" src=\"https:\/\/liebevolles-handgemacht.de\/wp-content\/uploads\/2015\/06\/IMG_2667k.jpg\" alt=\"IMG_2667k\" width=\"600\" height=\"400\" \/><\/a>Hier der obere Stoff nochmal, er ist gl\u00e4nzend und darauf sind kleine Pailletten wundersch\u00f6n.<\/p>\n<p style=\"text-align: center;\"><a href=\"https:\/\/liebevolles-handgemacht.de\/wp-content\/uploads\/2015\/06\/IMG_2669k.jpg\"><img loading=\"lazy\" decoding=\"async\" class=\"aligncenter size-full wp-image-2815\" src=\"https:\/\/liebevolles-handgemacht.de\/wp-content\/uploads\/2015\/06\/IMG_2669k.jpg\" alt=\"IMG_2669k\" width=\"600\" height=\"400\" \/><\/a>Dann habe ich f\u00fcr Projekte f\u00fcr die Kita noch einige Stoffe gekauft, da konnte ich mich nur schwer entscheiden. Sie sind f\u00fcr verschiedene Projekte wie eine F\u00fchlschlange, ein F\u00fchlmemory und verschiedene schwere S\u00e4ckchen gef\u00fcllt mit Traubenkernen, Raps und Kirschkerne.<\/p>\n<p style=\"text-align: center;\">Aus den Dinosaurierstoff m\u00f6chte ich eine schwere Decke n\u00e4hen auch gef\u00fcllt mit Raps und Traubenkernen f\u00fcr Kinder mit einer schwachen K\u00f6rperwahrnehmung.<\/p>\n<p style=\"text-align: center;\"><strong><span style=\"color: #993366;\">Viele Stoffe und Schnittmuster warten jetzt darauf von mir verarbeitet zu werden. Das werden ganz viele neue Oberteile f\u00fcr mich, an Hosen traue ich mich nicht so richtig dran aber daf\u00fcr gibt es auch nicht viele Schnittmuster.<\/span><\/strong><\/p>\n<p style=\"text-align: center;\"><strong><span style=\"color: #993366;\">Euch einen sch\u00f6nen Sonntag, das Wetter spielt leider nicht so mit. LIEBEVOLLe Gr\u00fc\u00dfe Dini.<\/span><\/strong><\/p>\n","protected":false},"excerpt":{"rendered":"<p>Der Monat M\u00e4rz und ich werden in diesem Jahr keine Freunde! Irgendwie hat mich der M\u00e4rz \u00fcberrannt, ich kam einfach nicht hinterher. Erst habe ich den Geburtstag meines Vaters vergessen und gestern stellte ich pl\u00f6tzlich fest dass ein Geschenk das &hellip; <a href=\"http:\/\/liebevolles-handgemacht.de\/?p=2816\">Weiterlesen <span class=\"meta-nav\">&rarr;<\/span><\/a><\/p>\n","protected":false},"author":2,"featured_media":0,"comment_status":"open","ping_status":"open","sticky":false,"template":"","format":"standard","meta":{"footnotes":"","_links_to":"","_links_to_target":""},"categories":[7],"tags":[],"class_list":["post-2816","post","type-post","status-publish","format-standard","hentry","category-dies-das"],"_links":{"self":[{"href":"http:\/\/liebevolles-handgemacht.de\/index.php?rest_route=\/wp\/v2\/posts\/2816","targetHints":{"allow":["GET"]}}],"collection":[{"href":"http:\/\/liebevolles-handgemacht.de\/index.php?rest_route=\/wp\/v2\/posts"}],"about":[{"href":"http:\/\/liebevolles-handgemacht.de\/index.php?rest_route=\/wp\/v2\/types\/post"}],"author":[{"embeddable":true,"href":"http:\/\/liebevolles-handgemacht.de\/index.php?rest_route=\/wp\/v2\/users\/2"}],"replies":[{"embeddable":true,"href":"http:\/\/liebevolles-handgemacht.de\/index.php?rest_route=%2Fwp%2Fv2%2Fcomments&post=2816"}],"version-history":[{"count":1,"href":"http:\/\/liebevolles-handgemacht.de\/index.php?rest_route=\/wp\/v2\/posts\/2816\/revisions"}],"predecessor-version":[{"id":5818,"href":"http:\/\/liebevolles-handgemacht.de\/index.php?rest_route=\/wp\/v2\/posts\/2816\/revisions\/5818"}],"wp:attachment":[{"href":"http:\/\/liebevolles-handgemacht.de\/index.php?rest_route=%2Fwp%2Fv2%2Fmedia&parent=2816"}],"wp:term":[{"taxonomy":"category","embeddable":true,"href":"http:\/\/liebevolles-handgemacht.de\/index.php?rest_route=%2Fwp%2Fv2%2Fcategories&post=2816"},{"taxonomy":"post_tag","embeddable":true,"href":"http:\/\/liebevolles-handgemacht.de\/index.php?rest_route=%2Fwp%2Fv2%2Ftags&post=2816"}],"curies":[{"name":"wp","href":"https:\/\/api.w.org\/{rel}","templated":true}]}}