{"id":2835,"date":"2015-03-29T23:07:45","date_gmt":"2015-03-29T21:07:45","guid":{"rendered":"http:\/\/www.liebevoll-puppen.de\/?p=2835"},"modified":"2015-07-11T21:38:30","modified_gmt":"2015-07-11T21:38:30","slug":"drei-kuschelpuppen-suchen-ein-neues-zuhause","status":"publish","type":"post","link":"http:\/\/liebevolles-handgemacht.de\/?p=2835","title":{"rendered":"Drei Kuschelpuppen suchen ein neues Zuhause"},"content":{"rendered":"<p style=\"text-align: center;\"><strong><span style=\"color: #800080;\">Lange habe ich keine Puppen mehr gen\u00e4ht! Meine Freundin wurde vor ein paar Monaten Tante und da sie die Patenschaft \u00fcbernommen hat wollte sie f\u00fcr ihr Patenkind gerne eine Kuschelpuppe. Ihre Kinder haben auch alle eine Kuschelpuppe von mir. Obwohl ich eine Auftragspause habe, habe ich versprochen eine Puppe zu n\u00e4hen. Da ich noch vier Puppen vorbereitet hatte, habe ich gleich alle fertig gemacht. Und drei Puppen suchen jetzt ein neues Zuhause. Wer Interesse an einer Kuschelpuppe hat kann sich bei mir melden, doch zun\u00e4chst ein paar Fotos und Daten dazu.<\/span><\/strong><\/p>\n<div id=\"attachment_2826\" style=\"width: 610px\" class=\"wp-caption aligncenter\"><a href=\"https:\/\/liebevolles-handgemacht.de\/wp-content\/uploads\/2015\/06\/IMG_2672k.jpg\"><img loading=\"lazy\" decoding=\"async\" aria-describedby=\"caption-attachment-2826\" class=\"wp-image-2826 size-full\" src=\"https:\/\/liebevolles-handgemacht.de\/wp-content\/uploads\/2015\/06\/IMG_2672k.jpg\" alt=\"IMG_2672k\" width=\"600\" height=\"400\" \/><\/a><p id=\"caption-attachment-2826\" class=\"wp-caption-text\">Die t\u00fcrkis-blaue Puppe und die rot-gr\u00fcne Puppe haben eine liebe Familie gefunden. Die rechte Puppe in blau-rot sucht noch eine Pflegefamilie!<\/p><\/div>\n<p style=\"text-align: center;\">Jedes Kind sollte eine Puppe oder ein Kuscheltier als treuen Begleiter haben. Der Anton, so wird bei uns diese Puppe genannt ist ca. 30cm gro\u00df, aus weichem Nickistoff gen\u00e4ht und mit Watteflocken gef\u00fcllt. Die Stoffe sind vorgewaschen und die Watteflocken entsprechen dem \u00d6ko-Tex Standard 100 und sind allergieneutral.<\/p>\n<p style=\"text-align: center;\"><a href=\"https:\/\/liebevolles-handgemacht.de\/wp-content\/uploads\/2015\/06\/IMG_2674k.jpg\"><img loading=\"lazy\" decoding=\"async\" class=\"aligncenter size-full wp-image-2827\" src=\"https:\/\/liebevolles-handgemacht.de\/wp-content\/uploads\/2015\/06\/IMG_2674k.jpg\" alt=\"IMG_2674k\" width=\"600\" height=\"400\" \/><\/a>Die Gesichter wurden von mir mit Stoffmalfarbe aufgemalt. Die Puppen k\u00f6nnen bei bis zu 40\u00b0 in die Waschmaschine und scheuen auch den Trockner nicht. Das ist hilfreich wenn die Puppe schnell wieder Einsatzbereit sein muss.<\/p>\n<div id=\"attachment_2828\" style=\"width: 506px\" class=\"wp-caption aligncenter\"><a href=\"https:\/\/liebevolles-handgemacht.de\/wp-content\/uploads\/2015\/06\/IMG_2676k.jpg\"><img loading=\"lazy\" decoding=\"async\" aria-describedby=\"caption-attachment-2828\" class=\"wp-image-2828 size-full\" src=\"https:\/\/liebevolles-handgemacht.de\/wp-content\/uploads\/2015\/06\/IMG_2676k.jpg\" alt=\"IMG_2676k\" width=\"496\" height=\"600\" \/><\/a><p id=\"caption-attachment-2828\" class=\"wp-caption-text\">Dies ist Puppe 1 in blau mit rot.<\/p><\/div>\n<p style=\"text-align: center;\"><a href=\"https:\/\/liebevolles-handgemacht.de\/wp-content\/uploads\/2015\/06\/IMG_2692k.jpg\"><img loading=\"lazy\" decoding=\"async\" class=\"aligncenter size-full wp-image-2833\" src=\"https:\/\/liebevolles-handgemacht.de\/wp-content\/uploads\/2015\/06\/IMG_2692k.jpg\" alt=\"IMG_2692k\" width=\"600\" height=\"400\" \/><\/a>Die Weste in Wickeloptik kann ausgezogen werden, geht aber schwer \u00fcber den Kopf. Die M\u00fctze ist fest am Kopf vern\u00e4ht. Auf Wunsch kann ich ein Filzherz mit Namen auf der Weste befestigen.<\/p>\n<p style=\"text-align: center;\">Diese P\u00fcppchen muss man einfach liebhaben, wenn sie einen mit ihren gro\u00dfen blauen Augen anschauen!<\/p>\n<div id=\"attachment_2831\" style=\"width: 527px\" class=\"wp-caption aligncenter\"><a href=\"https:\/\/liebevolles-handgemacht.de\/wp-content\/uploads\/2015\/06\/IMG_2689k.jpg\"><img loading=\"lazy\" decoding=\"async\" aria-describedby=\"caption-attachment-2831\" class=\"wp-image-2831 size-full\" src=\"https:\/\/liebevolles-handgemacht.de\/wp-content\/uploads\/2015\/06\/IMG_2689k.jpg\" alt=\"IMG_2689k\" width=\"517\" height=\"600\" \/><\/a><p id=\"caption-attachment-2831\" class=\"wp-caption-text\">Ich bin bereits vergeben!<\/p><\/div>\n<p style=\"text-align: center;\"><a href=\"https:\/\/liebevolles-handgemacht.de\/wp-content\/uploads\/2015\/06\/IMG_2691k.jpg\"><img loading=\"lazy\" decoding=\"async\" class=\"aligncenter size-full wp-image-2832\" src=\"https:\/\/liebevolles-handgemacht.de\/wp-content\/uploads\/2015\/06\/IMG_2691k.jpg\" alt=\"IMG_2691k\" width=\"600\" height=\"400\" \/><\/a>Ich freue mich besonders wenn ich sehe wie Babys auf diese Puppen reagieren. Sie fangen oft laut an zu lachen und erz\u00e4hlen mit der Puppe, wenn man sie ihnen hinh\u00e4lt. Einmal auf einen Markt hat ein etwa 1 1\/2 j\u00e4hriges Kind die Puppe begeistert in den Arm geschlossen und wollte sie nicht wieder hergeben, das war Liebe auf den ersten Blick!<\/p>\n<div id=\"attachment_2836\" style=\"width: 460px\" class=\"wp-caption aligncenter\"><a href=\"https:\/\/liebevolles-handgemacht.de\/wp-content\/uploads\/2015\/06\/IMG_2698k.jpg\"><img loading=\"lazy\" decoding=\"async\" aria-describedby=\"caption-attachment-2836\" class=\"wp-image-2836 size-full\" src=\"https:\/\/liebevolles-handgemacht.de\/wp-content\/uploads\/2015\/06\/IMG_2698k.jpg\" alt=\"IMG_2698k\" width=\"450\" height=\"600\" \/><\/a><p id=\"caption-attachment-2836\" class=\"wp-caption-text\">Ich bin bereits vergeben!<\/p><\/div>\n<p style=\"text-align: center;\"><a href=\"https:\/\/liebevolles-handgemacht.de\/wp-content\/uploads\/2015\/06\/IMG_2688k.jpg\"><img loading=\"lazy\" decoding=\"async\" class=\"aligncenter size-full wp-image-2830\" src=\"https:\/\/liebevolles-handgemacht.de\/wp-content\/uploads\/2015\/06\/IMG_2688k.jpg\" alt=\"IMG_2688k\" width=\"600\" height=\"400\" \/><\/a>Bei dieser Puppe ist die Weste und M\u00fctze aus Sommerfrottee, der ebenfalls wie Nicki gut f\u00fcr Babys geeignet ist.<\/p>\n<p style=\"text-align: center;\"><strong><span style=\"color: #800080;\">Wer Interesse an einer der Puppen hat kann mich anschreiben dann bekommt ihr n\u00e4here Informationen zum Preis und Versand. Ich bin gespannt ob sich bald liebevolle Familien finden werden.<\/span><\/strong><\/p>\n<p style=\"text-align: center;\"><strong><span style=\"color: #800080;\">Euch eine gute Nacht! Zwei Blogbeitr\u00e4ge an einem Tag hat es lange nicht gegeben. LIEBEVOLLe Gr\u00fc\u00dfe Dini.<\/span><\/strong><\/p>\n","protected":false},"excerpt":{"rendered":"<p>Lange habe ich keine Puppen mehr gen\u00e4ht! Meine Freundin wurde vor ein paar Monaten Tante und da sie die Patenschaft \u00fcbernommen hat wollte sie f\u00fcr ihr Patenkind gerne eine Kuschelpuppe. Ihre Kinder haben auch alle eine Kuschelpuppe von mir. Obwohl &hellip; <a href=\"http:\/\/liebevolles-handgemacht.de\/?p=2835\">Weiterlesen <span class=\"meta-nav\">&rarr;<\/span><\/a><\/p>\n","protected":false},"author":2,"featured_media":0,"comment_status":"open","ping_status":"open","sticky":false,"template":"","format":"standard","meta":{"footnotes":"","_links_to":"","_links_to_target":""},"categories":[23,24],"tags":[],"class_list":["post-2835","post","type-post","status-publish","format-standard","hentry","category-kuschelpuppen","category-puppen-2"],"_links":{"self":[{"href":"http:\/\/liebevolles-handgemacht.de\/index.php?rest_route=\/wp\/v2\/posts\/2835","targetHints":{"allow":["GET"]}}],"collection":[{"href":"http:\/\/liebevolles-handgemacht.de\/index.php?rest_route=\/wp\/v2\/posts"}],"about":[{"href":"http:\/\/liebevolles-handgemacht.de\/index.php?rest_route=\/wp\/v2\/types\/post"}],"author":[{"embeddable":true,"href":"http:\/\/liebevolles-handgemacht.de\/index.php?rest_route=\/wp\/v2\/users\/2"}],"replies":[{"embeddable":true,"href":"http:\/\/liebevolles-handgemacht.de\/index.php?rest_route=%2Fwp%2Fv2%2Fcomments&post=2835"}],"version-history":[{"count":1,"href":"http:\/\/liebevolles-handgemacht.de\/index.php?rest_route=\/wp\/v2\/posts\/2835\/revisions"}],"predecessor-version":[{"id":5814,"href":"http:\/\/liebevolles-handgemacht.de\/index.php?rest_route=\/wp\/v2\/posts\/2835\/revisions\/5814"}],"wp:attachment":[{"href":"http:\/\/liebevolles-handgemacht.de\/index.php?rest_route=%2Fwp%2Fv2%2Fmedia&parent=2835"}],"wp:term":[{"taxonomy":"category","embeddable":true,"href":"http:\/\/liebevolles-handgemacht.de\/index.php?rest_route=%2Fwp%2Fv2%2Fcategories&post=2835"},{"taxonomy":"post_tag","embeddable":true,"href":"http:\/\/liebevolles-handgemacht.de\/index.php?rest_route=%2Fwp%2Fv2%2Ftags&post=2835"}],"curies":[{"name":"wp","href":"https:\/\/api.w.org\/{rel}","templated":true}]}}