{"id":2855,"date":"2015-04-11T12:23:39","date_gmt":"2015-04-11T10:23:39","guid":{"rendered":"http:\/\/www.liebevoll-puppen.de\/?p=2855"},"modified":"2015-07-11T21:20:51","modified_gmt":"2015-07-11T21:20:51","slug":"patchworkdecke-bald-fertig","status":"publish","type":"post","link":"http:\/\/liebevolles-handgemacht.de\/?p=2855","title":{"rendered":"Patchworkdecke bald fertig"},"content":{"rendered":"<p style=\"text-align: center;\"><strong><span style=\"color: #800080;\">K\u00f6nnt ihr euch noch an mein Vorhaben einer gestrickten Patchworkdecke erinnern? Weihnachten hatte ich angefangen Quadrate zu stricken um diese sp\u00e4ter zu einer Wolldecke zusammenzun\u00e4hen. Jetzt bin ich dabei das letzte Quadrat zu stricken und einen Teil der Decke habe ich schon zusammen gen\u00e4ht.<\/span><\/strong><\/p>\n<p style=\"text-align: center;\"><a href=\"https:\/\/liebevolles-handgemacht.de\/wp-content\/uploads\/2015\/06\/IMG_2719k.jpg\"><img loading=\"lazy\" decoding=\"async\" class=\"aligncenter size-full wp-image-2854\" src=\"https:\/\/liebevolles-handgemacht.de\/wp-content\/uploads\/2015\/06\/IMG_2719k.jpg\" alt=\"IMG_2719k\" width=\"400\" height=\"600\" \/><\/a>Da die Quadrate gerade am Rand sehr grob sind macht es \u00fcberhaupt keinen Spa\u00df sie aneinander zu n\u00e4hen. Aber was soll es, von alleine macht es sich nicht. Mit etwas Gl\u00fcck kann ich mich in der n\u00e4chsten Woche in meine neue Decke h\u00fcllen!<\/p>\n<p style=\"text-align: center;\"><a href=\"https:\/\/liebevolles-handgemacht.de\/wp-content\/uploads\/2015\/06\/IMG_2717k.jpg\"><img loading=\"lazy\" decoding=\"async\" class=\"aligncenter size-full wp-image-2853\" src=\"https:\/\/liebevolles-handgemacht.de\/wp-content\/uploads\/2015\/06\/IMG_2717k.jpg\" alt=\"IMG_2717k\" width=\"600\" height=\"459\" \/><\/a>In dieser Woche hatten wir Urlaub und wie immer war die Woche ruckzuck um. Eine lange To-Do-Liste lag vor uns. Wir waren in Paderborn einkaufen, vor allen das Kind brauchte neue Klamotten. Ich konnte im Stoffgesch\u00e4ft ganz neue St\u00f6ffchen von Westfalenstoffe ergattern. Eine neue Serie die wie immer farblich aufeinander abgestimmt ist. Da ich nicht f\u00fcr gro\u00dfe Blumenmuster bin finde ich diese kleinen Streubl\u00fcmchen wundersch\u00f6n.<\/p>\n<p style=\"text-align: center;\">Gestern haben wir das sch\u00f6ne Wetter ausgenutzt und drau\u00dfen erstmal alles sch\u00f6n gemacht. Die Autos wurden innen sauber gemacht und bekamen Sommerreifen. Der Hauseingang musste gereinigt werden, au\u00dferdem wurde der Balkon von leeren Sonnenblumenschalen befreit und dann mit dem Hochdruckreiniger ges\u00e4ubert.<\/p>\n<p style=\"text-align: center;\"><strong><span style=\"color: #800080;\">Heute muss ich noch Kommunion- und Konfirmationgeschenke fertig machen und morgen singe ich mit dem Chor auf einer Kommunion. Bald werde ich euch von einem Projekt n\u00e4her berichten zu dem ich etwas beitragen m\u00f6chte. <\/span><\/strong><\/p>\n<p style=\"text-align: center;\"><strong><span style=\"color: #800080;\">Euch ein sch\u00f6nes Wochenende, LIEBEVOLLe Gr\u00fc\u00dfe Dini.<\/span><\/strong><\/p>\n","protected":false},"excerpt":{"rendered":"<p>K\u00f6nnt ihr euch noch an mein Vorhaben einer gestrickten Patchworkdecke erinnern? Weihnachten hatte ich angefangen Quadrate zu stricken um diese sp\u00e4ter zu einer Wolldecke zusammenzun\u00e4hen. Jetzt bin ich dabei das letzte Quadrat zu stricken und einen Teil der Decke habe &hellip; <a href=\"http:\/\/liebevolles-handgemacht.de\/?p=2855\">Weiterlesen <span class=\"meta-nav\">&rarr;<\/span><\/a><\/p>\n","protected":false},"author":2,"featured_media":0,"comment_status":"open","ping_status":"open","sticky":false,"template":"","format":"standard","meta":{"footnotes":"","_links_to":"","_links_to_target":""},"categories":[7,1],"tags":[],"class_list":["post-2855","post","type-post","status-publish","format-standard","hentry","category-dies-das","category-uncategorized"],"_links":{"self":[{"href":"http:\/\/liebevolles-handgemacht.de\/index.php?rest_route=\/wp\/v2\/posts\/2855","targetHints":{"allow":["GET"]}}],"collection":[{"href":"http:\/\/liebevolles-handgemacht.de\/index.php?rest_route=\/wp\/v2\/posts"}],"about":[{"href":"http:\/\/liebevolles-handgemacht.de\/index.php?rest_route=\/wp\/v2\/types\/post"}],"author":[{"embeddable":true,"href":"http:\/\/liebevolles-handgemacht.de\/index.php?rest_route=\/wp\/v2\/users\/2"}],"replies":[{"embeddable":true,"href":"http:\/\/liebevolles-handgemacht.de\/index.php?rest_route=%2Fwp%2Fv2%2Fcomments&post=2855"}],"version-history":[{"count":1,"href":"http:\/\/liebevolles-handgemacht.de\/index.php?rest_route=\/wp\/v2\/posts\/2855\/revisions"}],"predecessor-version":[{"id":5810,"href":"http:\/\/liebevolles-handgemacht.de\/index.php?rest_route=\/wp\/v2\/posts\/2855\/revisions\/5810"}],"wp:attachment":[{"href":"http:\/\/liebevolles-handgemacht.de\/index.php?rest_route=%2Fwp%2Fv2%2Fmedia&parent=2855"}],"wp:term":[{"taxonomy":"category","embeddable":true,"href":"http:\/\/liebevolles-handgemacht.de\/index.php?rest_route=%2Fwp%2Fv2%2Fcategories&post=2855"},{"taxonomy":"post_tag","embeddable":true,"href":"http:\/\/liebevolles-handgemacht.de\/index.php?rest_route=%2Fwp%2Fv2%2Ftags&post=2855"}],"curies":[{"name":"wp","href":"https:\/\/api.w.org\/{rel}","templated":true}]}}