{"id":6420,"date":"2015-08-18T20:24:20","date_gmt":"2015-08-18T20:24:20","guid":{"rendered":"http:\/\/liebevolles-handgemacht.de\/?p=6420"},"modified":"2016-03-06T11:00:25","modified_gmt":"2016-03-06T11:00:25","slug":"zwischen-zwei-terminen-einmal-kurz-melden","status":"publish","type":"post","link":"http:\/\/liebevolles-handgemacht.de\/?p=6420","title":{"rendered":"Zwischen zwei Terminen einmal kurz melden"},"content":{"rendered":"<p style=\"text-align: center;\"><strong><span style=\"color: #993366;\">Die Arbeit hat wieder angefangen und der Alltagswahnsinn hat uns wieder. Mein Kalender ist gespickt mit Terminen, ganz zu schweigen von unerwarteten Zeitfressern. Ein Reifen meines Autos verliert Luft, h\u00e4tte ich zun\u00e4chst nicht gemerkt, wenn mein Auto &#8222;hochmodern&#8220; sich nicht selbst kontrollieren w\u00fcrde. Eine Schraube steckt im Reifen!<\/span><\/strong><\/p>\n<p style=\"text-align: center;\"><a href=\"https:\/\/liebevolles-handgemacht.de\/wp-content\/uploads\/2015\/09\/IMG_2976k.jpg\"><img loading=\"lazy\" decoding=\"async\" class=\"aligncenter size-full wp-image-3031\" src=\"https:\/\/liebevolles-handgemacht.de\/wp-content\/uploads\/2015\/09\/IMG_2976k.jpg\" alt=\"IMG_2976k\" width=\"600\" height=\"400\" \/><\/a>Der Trostknudie wurde von mir in den Ferien gewaschen und mit neuen Raps bef\u00fcllt. Sie sind in der Kita immer im Einsatz und machen ihre Sache als Trostspender wirklich gut.<\/p>\n<p style=\"text-align: center;\"><a href=\"https:\/\/liebevolles-handgemacht.de\/wp-content\/uploads\/2015\/09\/IMG_2979k.jpg\"><img loading=\"lazy\" decoding=\"async\" class=\"aligncenter size-full wp-image-3032\" src=\"https:\/\/liebevolles-handgemacht.de\/wp-content\/uploads\/2015\/09\/IMG_2979k.jpg\" alt=\"IMG_2979k\" width=\"600\" height=\"400\" \/><\/a>Diesmal nicht f\u00fcr Babynachwuchs sondern f\u00fcr Hundenachwuchs habe ich zwei Halst\u00fccher gen\u00e4ht, eins f\u00fcr gleich und eins f\u00fcr sp\u00e4ter.<\/p>\n<p style=\"text-align: center;\"><a href=\"https:\/\/liebevolles-handgemacht.de\/wp-content\/uploads\/2015\/09\/IMG_2983k.jpg\"><img loading=\"lazy\" decoding=\"async\" class=\"aligncenter size-full wp-image-3033\" src=\"https:\/\/liebevolles-handgemacht.de\/wp-content\/uploads\/2015\/09\/IMG_2983k.jpg\" alt=\"IMG_2983k\" width=\"600\" height=\"469\" \/><\/a>Die Halst\u00fccher sind mit Druckkn\u00f6pfen, die ich bei Kindern ungerne nehme. Die Kn\u00f6pfe lassen sich eine Zeit verstellen, damit das Tuch eine Weile passt!<\/p>\n<p style=\"text-align: center;\"><a href=\"https:\/\/liebevolles-handgemacht.de\/wp-content\/uploads\/2015\/09\/IMG_2984.kJPG_.jpg\"><img loading=\"lazy\" decoding=\"async\" class=\"aligncenter size-full wp-image-3034\" src=\"https:\/\/liebevolles-handgemacht.de\/wp-content\/uploads\/2015\/09\/IMG_2984.kJPG_.jpg\" alt=\"IMG_2984.kJPG\" width=\"400\" height=\"600\" \/><\/a>Ich hatte mal wieder eine abgeliebte Kuschelpuppe zu Besuch. Der Kopf wurde vor einiger Zeit schonmal erneuert. Jetzt musste eine neue M\u00fctze her. Den Stoff hatte ich nicht mehr, aber das Kind ist inzwischen so gro\u00df dass es anderen Stoff aussuchen konnte.<\/p>\n<p style=\"text-align: center;\"><a href=\"https:\/\/liebevolles-handgemacht.de\/wp-content\/uploads\/2015\/09\/IMG_2986k.jpg\"><img loading=\"lazy\" decoding=\"async\" class=\"aligncenter size-full wp-image-3035\" src=\"https:\/\/liebevolles-handgemacht.de\/wp-content\/uploads\/2015\/09\/IMG_2986k.jpg\" alt=\"IMG_2986k\" width=\"600\" height=\"400\" \/><\/a>Die Puppe ist 11 Jahre alt und wurde vom Geschwisterkind ins Herz geschlossen. Es ist f\u00fcr mich soooo sch\u00f6n zu sehen wie die Puppen geliebt werden.<\/p>\n<p style=\"text-align: center;\"><a href=\"https:\/\/liebevolles-handgemacht.de\/wp-content\/uploads\/2015\/09\/IMG_8302k.jpg\"><img loading=\"lazy\" decoding=\"async\" class=\"aligncenter size-full wp-image-3036\" src=\"https:\/\/liebevolles-handgemacht.de\/wp-content\/uploads\/2015\/09\/IMG_8302k.jpg\" alt=\"IMG_8302k\" width=\"600\" height=\"400\" \/><\/a>F\u00fcr zwei Schulkinder habe ich solche Sets gestickt. Leider mal wieder vergessen zu fotografieren, deshalb ein \u00e4lteres Foto von einem f\u00fcheren Kundenauftrag.<\/p>\n<p style=\"text-align: center;\"><a href=\"https:\/\/liebevolles-handgemacht.de\/wp-content\/uploads\/2015\/09\/IMG_3005k.jpg\"><img loading=\"lazy\" decoding=\"async\" class=\"aligncenter size-full wp-image-3053\" src=\"https:\/\/liebevolles-handgemacht.de\/wp-content\/uploads\/2015\/09\/IMG_3005k.jpg\" alt=\"IMG_3005k\" width=\"600\" height=\"400\" \/><\/a>Hier seht ihr eine kleine Einschlagdecke f\u00fcr ein Sternenkind. Ich bin gerade dabei eine Foto-N\u00e4hanleitung zu schreiben. F\u00fcr N\u00e4hanf\u00e4nger die gerne f\u00fcr Sternenkinder diese Decken n\u00e4hen m\u00f6chten. Ich habe noch ganz viele unfertige M\u00e4dchendecken liegen und wenn ich die fertig habe werde ich ein gro\u00dfes Paket losschicken!<\/p>\n<p style=\"text-align: center;\"><strong><span style=\"color: #993366;\">Ich glaube es wird mal wieder Zeit eine gro\u00dfe To-Do-Liste anzufertigen um meine Zeit effektiv auszunutzen. Ich komme mir vor wie ein Hamster im Laufrad, der l\u00e4uft und l\u00e4uft ohne wirklich etwas zu beschicken. Im Magen liegt mir eine Hausaufgabe f\u00fcr meine Fortbildung, an die ich mich dringend setzten muss. Wenn ich doch nur schonmal einen Anfang h\u00e4tte&#8230;<\/span><\/strong><\/p>\n<p style=\"text-align: center;\"><strong><span style=\"color: #993366;\">Euch einen sch\u00f6nen Abend und eine gute Woche, LIEBEVOLLe Gr\u00fc\u00dfe Dini.<\/span><\/strong><\/p>\n","protected":false},"excerpt":{"rendered":"<p>Die Arbeit hat wieder angefangen und der Alltagswahnsinn hat uns wieder. Mein Kalender ist gespickt mit Terminen, ganz zu schweigen von unerwarteten Zeitfressern. Ein Reifen meines Autos verliert Luft, h\u00e4tte ich zun\u00e4chst nicht gemerkt, wenn mein Auto &#8222;hochmodern&#8220; sich nicht &hellip; <a href=\"http:\/\/liebevolles-handgemacht.de\/?p=6420\">Weiterlesen <span class=\"meta-nav\">&rarr;<\/span><\/a><\/p>\n","protected":false},"author":2,"featured_media":0,"comment_status":"open","ping_status":"open","sticky":false,"template":"","format":"standard","meta":{"footnotes":"","_links_to":"","_links_to_target":""},"categories":[1],"tags":[],"class_list":["post-6420","post","type-post","status-publish","format-standard","hentry","category-uncategorized"],"_links":{"self":[{"href":"http:\/\/liebevolles-handgemacht.de\/index.php?rest_route=\/wp\/v2\/posts\/6420","targetHints":{"allow":["GET"]}}],"collection":[{"href":"http:\/\/liebevolles-handgemacht.de\/index.php?rest_route=\/wp\/v2\/posts"}],"about":[{"href":"http:\/\/liebevolles-handgemacht.de\/index.php?rest_route=\/wp\/v2\/types\/post"}],"author":[{"embeddable":true,"href":"http:\/\/liebevolles-handgemacht.de\/index.php?rest_route=\/wp\/v2\/users\/2"}],"replies":[{"embeddable":true,"href":"http:\/\/liebevolles-handgemacht.de\/index.php?rest_route=%2Fwp%2Fv2%2Fcomments&post=6420"}],"version-history":[{"count":2,"href":"http:\/\/liebevolles-handgemacht.de\/index.php?rest_route=\/wp\/v2\/posts\/6420\/revisions"}],"predecessor-version":[{"id":6422,"href":"http:\/\/liebevolles-handgemacht.de\/index.php?rest_route=\/wp\/v2\/posts\/6420\/revisions\/6422"}],"wp:attachment":[{"href":"http:\/\/liebevolles-handgemacht.de\/index.php?rest_route=%2Fwp%2Fv2%2Fmedia&parent=6420"}],"wp:term":[{"taxonomy":"category","embeddable":true,"href":"http:\/\/liebevolles-handgemacht.de\/index.php?rest_route=%2Fwp%2Fv2%2Fcategories&post=6420"},{"taxonomy":"post_tag","embeddable":true,"href":"http:\/\/liebevolles-handgemacht.de\/index.php?rest_route=%2Fwp%2Fv2%2Ftags&post=6420"}],"curies":[{"name":"wp","href":"https:\/\/api.w.org\/{rel}","templated":true}]}}