{"id":6498,"date":"2015-11-01T09:21:19","date_gmt":"2015-11-01T09:21:19","guid":{"rendered":"http:\/\/liebevolles-handgemacht.de\/?p=6498"},"modified":"2016-03-06T11:00:25","modified_gmt":"2016-03-06T11:00:25","slug":"ein-liebevolles-zuhause-wird-gesucht","status":"publish","type":"post","link":"http:\/\/liebevolles-handgemacht.de\/?p=6498","title":{"rendered":"Ein liebevolles Zuhause wird gesucht!"},"content":{"rendered":"<p style=\"text-align: center;\"><strong><span style=\"color: #993366;\">Heute bin ich mal wieder auf der Suche nach einer liebevollen Pflegefamilie f\u00fcr ein Kuschelpuppenkind! Wer Interesse an dieser Zipfelpuppe hat kann sich bei mir melden. Es ist auch m\u00f6glich noch einen Stern mit Namen drauf zu n\u00e4hen.<\/span><\/strong><\/p>\n<p style=\"text-align: center;\"><a href=\"https:\/\/liebevolles-handgemacht.de\/wp-content\/uploads\/2015\/04\/IMG_3145k.jpg\"><img loading=\"lazy\" decoding=\"async\" class=\"aligncenter size-full wp-image-3183\" src=\"https:\/\/liebevolles-handgemacht.de\/wp-content\/uploads\/2015\/04\/IMG_3145k.jpg\" alt=\"IMG_3145k\" width=\"600\" height=\"541\" \/><\/a>Der Oberstoff ist von Westfalenstoffe, die Stoffe sind vorgewaschen und im Trockner getrocknet. Die Puppe ist ca. 35x40cm (ohne Zipfelm\u00fctze) gro\u00df. Sie ist f\u00fcr Babys geeignet.<\/p>\n<p style=\"text-align: center;\"><a href=\"https:\/\/liebevolles-handgemacht.de\/wp-content\/uploads\/2015\/04\/IMG_3144k.jpg\"><img loading=\"lazy\" decoding=\"async\" class=\"aligncenter size-full wp-image-3182\" src=\"https:\/\/liebevolles-handgemacht.de\/wp-content\/uploads\/2015\/04\/IMG_3144k.jpg\" alt=\"IMG_3144k\" width=\"600\" height=\"400\" \/><\/a>Die Puppe kann bei 30\u00b0 in der Waschmaschine gewaschen und im Trockner getrocknet werden. Dadurch ist sie pflegeleicht, gerade wenn sie schnell wieder einsatzbereit sein soll.<\/p>\n<p style=\"text-align: center;\"><a href=\"https:\/\/liebevolles-handgemacht.de\/wp-content\/uploads\/2015\/04\/IMG_3116k.jpg\"><img loading=\"lazy\" decoding=\"async\" class=\"aligncenter size-full wp-image-3169\" src=\"https:\/\/liebevolles-handgemacht.de\/wp-content\/uploads\/2015\/04\/IMG_3116k.jpg\" alt=\"IMG_3116k\" width=\"600\" height=\"484\" \/><\/a>So sieht es aus wenn die Puppe einen bestickten Stern bekommt.<\/p>\n<p style=\"text-align: center;\"><a href=\"https:\/\/liebevolles-handgemacht.de\/wp-content\/uploads\/2015\/04\/IMG_3138k.jpg\"><img loading=\"lazy\" decoding=\"async\" class=\"aligncenter size-full wp-image-3181\" src=\"https:\/\/liebevolles-handgemacht.de\/wp-content\/uploads\/2015\/04\/IMG_3138k.jpg\" alt=\"IMG_3138k\" width=\"600\" height=\"543\" \/><\/a>Und hier noch ein anderes P\u00fcppchen, ein Schlafwichtel.<\/p>\n<p style=\"text-align: center;\"><a href=\"https:\/\/liebevolles-handgemacht.de\/wp-content\/uploads\/2015\/04\/IMG_3129k.jpg\"><img loading=\"lazy\" decoding=\"async\" class=\"aligncenter size-full wp-image-3179\" src=\"https:\/\/liebevolles-handgemacht.de\/wp-content\/uploads\/2015\/04\/IMG_3129k.jpg\" alt=\"IMG_3129k\" width=\"600\" height=\"373\" \/><\/a>Und dann m\u00f6chte ich euch noch ein Foto von einem morgentlichen Herbsttag zeigen. So sieht es aus wenn man bei uns aus den Wohnzimmer schaut. Immer wieder sch\u00f6n. Leider vermutlich nicht mehr lange! Bald stehen dort dann noch Windr\u00e4der und vermutlich Hochspannungsmasten!!!<\/p>\n<p style=\"text-align: center;\"><a href=\"https:\/\/liebevolles-handgemacht.de\/wp-content\/uploads\/2015\/05\/IMG_3135k.jpg\"><img loading=\"lazy\" decoding=\"async\" class=\"aligncenter size-full wp-image-3180\" src=\"https:\/\/liebevolles-handgemacht.de\/wp-content\/uploads\/2015\/05\/IMG_3135k.jpg\" alt=\"IMG_3135k\" width=\"600\" height=\"327\" \/><\/a>Also genie\u00dfe ich die noch eine Weile die wundersch\u00f6ne Aussicht!<\/p>\n<p style=\"text-align: center;\"><strong><span style=\"color: #993366;\">Heute nur ein ganz kurzer Beitrag. Jetzt setze ich mich an meine N\u00e4hmaschine. Dort entsteht gerade etwas sch\u00f6nes f\u00fcr die Kita. Dazu sp\u00e4ter mehr&#8230;<\/span><\/strong><\/p>\n<p style=\"text-align: center;\"><strong><span style=\"color: #993366;\">Euch einen sch\u00f6nen Herbsttag, irgendwie war das Wetter Anfang der Woche sch\u00f6ner gemeldet als es jetzt ist! LIEBEVOLLe Gr\u00fc\u00dfe Dini.<\/span><\/strong><\/p>\n","protected":false},"excerpt":{"rendered":"<p>Heute bin ich mal wieder auf der Suche nach einer liebevollen Pflegefamilie f\u00fcr ein Kuschelpuppenkind! Wer Interesse an dieser Zipfelpuppe hat kann sich bei mir melden. Es ist auch m\u00f6glich noch einen Stern mit Namen drauf zu n\u00e4hen. Der Oberstoff &hellip; <a href=\"http:\/\/liebevolles-handgemacht.de\/?p=6498\">Weiterlesen <span class=\"meta-nav\">&rarr;<\/span><\/a><\/p>\n","protected":false},"author":2,"featured_media":0,"comment_status":"open","ping_status":"open","sticky":false,"template":"","format":"standard","meta":{"footnotes":"","_links_to":"","_links_to_target":""},"categories":[7],"tags":[],"class_list":["post-6498","post","type-post","status-publish","format-standard","hentry","category-dies-das"],"_links":{"self":[{"href":"http:\/\/liebevolles-handgemacht.de\/index.php?rest_route=\/wp\/v2\/posts\/6498","targetHints":{"allow":["GET"]}}],"collection":[{"href":"http:\/\/liebevolles-handgemacht.de\/index.php?rest_route=\/wp\/v2\/posts"}],"about":[{"href":"http:\/\/liebevolles-handgemacht.de\/index.php?rest_route=\/wp\/v2\/types\/post"}],"author":[{"embeddable":true,"href":"http:\/\/liebevolles-handgemacht.de\/index.php?rest_route=\/wp\/v2\/users\/2"}],"replies":[{"embeddable":true,"href":"http:\/\/liebevolles-handgemacht.de\/index.php?rest_route=%2Fwp%2Fv2%2Fcomments&post=6498"}],"version-history":[{"count":2,"href":"http:\/\/liebevolles-handgemacht.de\/index.php?rest_route=\/wp\/v2\/posts\/6498\/revisions"}],"predecessor-version":[{"id":6501,"href":"http:\/\/liebevolles-handgemacht.de\/index.php?rest_route=\/wp\/v2\/posts\/6498\/revisions\/6501"}],"wp:attachment":[{"href":"http:\/\/liebevolles-handgemacht.de\/index.php?rest_route=%2Fwp%2Fv2%2Fmedia&parent=6498"}],"wp:term":[{"taxonomy":"category","embeddable":true,"href":"http:\/\/liebevolles-handgemacht.de\/index.php?rest_route=%2Fwp%2Fv2%2Fcategories&post=6498"},{"taxonomy":"post_tag","embeddable":true,"href":"http:\/\/liebevolles-handgemacht.de\/index.php?rest_route=%2Fwp%2Fv2%2Ftags&post=6498"}],"curies":[{"name":"wp","href":"https:\/\/api.w.org\/{rel}","templated":true}]}}