{"id":6581,"date":"2015-11-28T19:04:04","date_gmt":"2015-11-28T19:04:04","guid":{"rendered":"http:\/\/liebevolles-handgemacht.de\/?p=6581"},"modified":"2016-03-06T11:00:23","modified_gmt":"2016-03-06T11:00:23","slug":"projekte-die-ich-euch-noch-zeigen-wollte","status":"publish","type":"post","link":"http:\/\/liebevolles-handgemacht.de\/?p=6581","title":{"rendered":"Projekte die ich euch noch zeigen wollte"},"content":{"rendered":"<p style=\"text-align: center;\"><strong><span style=\"color: #800080;\">Da ich diese Woche krank war musste meine N\u00e4hmaschine ruhen. Meine Auftr\u00e4ge verz\u00f6gern sich, noch ist Zeit die meisten Sachen sollen erst Weihnachten verschenkt werden, einige aber auch fr\u00fcher. Aber in den Wochen davor sind einige N\u00e4hprojekte fertig geworden, die ich hier noch gar nicht gezeigt habe. Heute mal eine bunte Mischung von ganz unterschiedlichen N\u00e4harbeiten.<\/span><\/strong><\/p>\n<p style=\"text-align: center;\"><a href=\"https:\/\/liebevolles-handgemacht.de\/wp-content\/uploads\/2015\/05\/IMG_3218k.jpg\"><img loading=\"lazy\" decoding=\"async\" class=\"aligncenter wp-image-3209 size-full\" src=\"https:\/\/liebevolles-handgemacht.de\/wp-content\/uploads\/2015\/05\/IMG_3218k.jpg\" alt=\"IMG_3218k\" width=\"600\" height=\"400\" \/><\/a>Diese beiden Antons sind f\u00fcr zwei verschiedene Kunden entstanden, sind sie nicht zuckers\u00fc\u00df? Sie h\u00e4tten auch gut f\u00fcr ein Zwillingsp\u00e4rchen sein k\u00f6nnen.<\/p>\n<p style=\"text-align: center;\"><a href=\"https:\/\/liebevolles-handgemacht.de\/wp-content\/uploads\/2015\/05\/IMG_3222.kJPG_.jpg\"><img loading=\"lazy\" decoding=\"async\" class=\"aligncenter size-full wp-image-3210\" src=\"https:\/\/liebevolles-handgemacht.de\/wp-content\/uploads\/2015\/05\/IMG_3222.kJPG_.jpg\" alt=\"IMG_3222.kJPG\" width=\"600\" height=\"400\" \/><\/a>Ich hoffe dass sie liebevoll beschmust werden und zu treuen Wegbegleitern werden!<\/p>\n<p style=\"text-align: center;\"><a href=\"https:\/\/liebevolles-handgemacht.de\/wp-content\/uploads\/2015\/05\/IMG_3230.kJPG_.jpg\"><img loading=\"lazy\" decoding=\"async\" class=\"aligncenter size-full wp-image-3212\" src=\"https:\/\/liebevolles-handgemacht.de\/wp-content\/uploads\/2015\/05\/IMG_3230.kJPG_.jpg\" alt=\"IMG_3230.kJPG\" width=\"600\" height=\"400\" \/><\/a>Hier eine lange geplante und endlich umgesetzte &#8222;schwere&#8220; Decke. Und sie ist wirklich schwer, gef\u00fcllt sind die einzelnen Kammern mit Kirschkernen. Die habe ich f\u00fcr die Kita gen\u00e4ht. Sie hat etwa eine Gr\u00f6\u00dfe von 45&#215;150 cm. Die Kinder finden sie gut. Man kann sich drauflegen, drunterlegen, darin einwickeln, dr\u00fcber laufen und vieles mehr. F\u00fcr Kinder mit einer motorischen Unruhe, die durch eine propriozeptive Wahrnehmungsst\u00f6rung begr\u00fcndet ist kann sie eine Wohltat sein. Das Gewicht auf der Haut sp\u00fcren, geerdet werden und zur Ruhe kommen. Sicher kein Patentrezept, aber die Decke kann unterst\u00fctzen.<\/p>\n<p style=\"text-align: center;\"><a href=\"https:\/\/liebevolles-handgemacht.de\/wp-content\/uploads\/2015\/05\/IMG_3231.kJPG_.jpg\"><img loading=\"lazy\" decoding=\"async\" class=\"aligncenter size-full wp-image-3213\" src=\"https:\/\/liebevolles-handgemacht.de\/wp-content\/uploads\/2015\/05\/IMG_3231.kJPG_.jpg\" alt=\"IMG_3231.kJPG\" width=\"600\" height=\"400\" \/><\/a>Dieses &#8222;schwere&#8220; Kissen ist ebenfalls mit Kirschkernen gef\u00fcllt. Ich habe es in vier Kammern eingeteilt und einen Bezug mit Rei\u00dfverschlu\u00df gen\u00e4ht, der sich waschen l\u00e4sst. Das Kissen soll unruhigen Kindern helfen wenn sie am Tisch sitzend spielen oder essen. Es kann am Stuhl befestigt werden, damit es nicht von den Beinen rutscht. Die Oberseite habe ich aus gewachster Baumwolle gen\u00e4ht, so ist es abwischbar. Nach dem Essen k\u00f6nnen herunter gefallene Reste schnell abgewischt werden. Die Unterseite die auf den Beinen liegt ist aus Canvas.<\/p>\n<p style=\"text-align: center;\"><a href=\"https:\/\/liebevolles-handgemacht.de\/wp-content\/uploads\/2015\/05\/IMG_3236k.jpg\"><img loading=\"lazy\" decoding=\"async\" class=\"aligncenter size-full wp-image-3214\" src=\"https:\/\/liebevolles-handgemacht.de\/wp-content\/uploads\/2015\/05\/IMG_3236k.jpg\" alt=\"IMG_3236k\" width=\"600\" height=\"393\" \/><\/a>Diese kleinen Engel werden \u00fcber ein LED Teelicht gest\u00fclpt und leuchten so im Dunkeln. Gedacht habe ich sie f\u00fcr die Sternenkinder und deren Eltern. Sie sollen Trostspender sein beim Abschiednehmen und in der ersten Zeit der Trauer.<\/p>\n<p style=\"text-align: center;\"><a href=\"https:\/\/liebevolles-handgemacht.de\/wp-content\/uploads\/2015\/05\/IMG_3239k.jpg\"><img loading=\"lazy\" decoding=\"async\" class=\"aligncenter size-full wp-image-3215\" src=\"https:\/\/liebevolles-handgemacht.de\/wp-content\/uploads\/2015\/05\/IMG_3239k.jpg\" alt=\"IMG_3239k\" width=\"600\" height=\"343\" \/><\/a>Die Stickdatei LichterEngel ist von <a href=\"http:\/\/de.dawanda.com\/product\/89413003-10-stickdateien-lichter-engel-10x10-rahmen\" target=\"_blank\">StoffCut by Diana Pape<\/a>. Ich finde sie wirklich niedlich. Es gibt insgesamt 5 verschiedene Engel (einmal mit offenen Augen, einmal mit geschlossenen Augen). Sie passen auch gut in die Advents- und Weihnachtszeit. Wer das Kinderzimmer dekorieren m\u00f6chte, kann das mit diesen Engeln gefahrenlos machen. Die LED Teelichter bringen Kerzenfeeling ohne Brandgefahr! Trotzdem w\u00fcrde ich sie bei Kindern unter 3 Jahren hochstellen, damit keine Kleinteile (z.B. Batterie im Teelicht) verschluckt werden k\u00f6nnen.<\/p>\n<p style=\"text-align: center;\"><a href=\"https:\/\/liebevolles-handgemacht.de\/wp-content\/uploads\/2015\/05\/IMG_3241k.jpg\"><img loading=\"lazy\" decoding=\"async\" class=\"aligncenter size-full wp-image-3216\" src=\"https:\/\/liebevolles-handgemacht.de\/wp-content\/uploads\/2015\/05\/IMG_3241k.jpg\" alt=\"IMG_3241k\" width=\"600\" height=\"400\" \/><\/a>Ganz stolz bin ich auf diese Kosmetiktasche! Vor einiger Zeit habe ich <a href=\"http:\/\/www.snaply.de\/SnapPap-vegan-leather---195.html\" target=\"_blank\">Snap Pap<\/a> (veganes Leder) bestellt. Es gibt es in verschiedenen Farben. Genau genommen ist es waschbare Pappe, die sogar in den Trockner darf und geb\u00fcgelt werden kann. Etwas widerspenstig die Pappst\u00fccke 50x150cm gro\u00df in die Waschmaschine zu bekommen. Verarbeiten l\u00e4sst sich Snap Pap super, ich wu\u00dfte nicht wie meine N\u00e4hmaschine das Material so findet. Wie man sieht habe ich Snap Pap nicht unter dem veganen Aspekt verarbeitet, sonst w\u00fcrde der Wollfilz nicht gut dazu passen. Ich finde die Kombination Wollfilz und Snap Pap sehr edel.<\/p>\n<p style=\"text-align: center;\"><a href=\"https:\/\/liebevolles-handgemacht.de\/wp-content\/uploads\/2015\/05\/IMG_3243k.jpg\"><img loading=\"lazy\" decoding=\"async\" class=\"aligncenter size-full wp-image-3217\" src=\"https:\/\/liebevolles-handgemacht.de\/wp-content\/uploads\/2015\/05\/IMG_3243k.jpg\" alt=\"IMG_3243k\" width=\"600\" height=\"400\" \/><\/a>Da ich zu den Innenstoff kein passendes Webband gefunden habe, habe ich kurzer Hand aus dem Stoff Paspelband gen\u00e4ht und unten und oben am Rand verarbeitet. Ich hatte etwas Sorge wie meine N\u00e4hmaschine alle Schichten zusammen n\u00e4hen w\u00fcrde. V\u00f6llig zu unrecht, sie hat \u00fcber die Schichten gen\u00e4ht wie nichts. Hier sei nochmal erw\u00e4hnt das ich eine Pfaff Expression 3.2 habe, wenn ich es richtig gesehen habe, die gleiche Maschine mit der bei &#8222;geschickt eingef\u00e4delt&#8220; gen\u00e4ht wird! Jetzt fehlt an der Tasche nurnoch ein Anh\u00e4nger f\u00fcr den Rei\u00dfverschlu\u00df. Die Schrift ist eine Stickdatei von LieblingsLieblinge<\/p>\n<p style=\"text-align: center;\"><a href=\"https:\/\/liebevolles-handgemacht.de\/wp-content\/uploads\/2015\/05\/IMG_3228k.jpg\"><img loading=\"lazy\" decoding=\"async\" class=\"aligncenter size-full wp-image-3211\" src=\"https:\/\/liebevolles-handgemacht.de\/wp-content\/uploads\/2015\/05\/IMG_3228k.jpg\" alt=\"IMG_3228k\" width=\"600\" height=\"400\" \/><\/a>Und als letztes eine Kosmetiktasche ganz aus Stoff, Jeans mit Baumwollstoff kombiniert. Hosenbeine einer alten Jeanshose durften noch als Applikation und Anh\u00e4nger vern\u00e4ht werden. Das Schnittmuster und die N\u00e4hanleitung f\u00fcr die Tasche ist von Buntiges. Die Schrift von LieblingsLieblinge und der Stern von Stickdesign Kerstin Bremer.<\/p>\n<p style=\"text-align: center;\"><strong><span style=\"color: #800080;\">Gut das ich morgen noch einen Tag zum kurieren habe. Der Husten macht mich fertig! Ich w\u00fcnsche euch allen einen sch\u00f6nen 1. Advent, die Weihnachtsm\u00e4rkte gehen los vielleicht ist der Eine oder Andere unterwegs. Wir haben das erst f\u00fcr n\u00e4chstes Wochenende geplant. LIEBEVOLLe Gr\u00fc\u00dfe Dini.<\/span><\/strong><\/p>\n<p style=\"text-align: center;\">\n","protected":false},"excerpt":{"rendered":"<p>Da ich diese Woche krank war musste meine N\u00e4hmaschine ruhen. Meine Auftr\u00e4ge verz\u00f6gern sich, noch ist Zeit die meisten Sachen sollen erst Weihnachten verschenkt werden, einige aber auch fr\u00fcher. Aber in den Wochen davor sind einige N\u00e4hprojekte fertig geworden, die &hellip; <a href=\"http:\/\/liebevolles-handgemacht.de\/?p=6581\">Weiterlesen <span class=\"meta-nav\">&rarr;<\/span><\/a><\/p>\n","protected":false},"author":2,"featured_media":0,"comment_status":"open","ping_status":"open","sticky":false,"template":"","format":"standard","meta":{"footnotes":"","_links_to":"","_links_to_target":""},"categories":[12,23,20,24,1],"tags":[],"class_list":["post-6581","post","type-post","status-publish","format-standard","hentry","category-diy-naehen","category-kuschelpuppen","category-naehideen","category-puppen-2","category-uncategorized"],"_links":{"self":[{"href":"http:\/\/liebevolles-handgemacht.de\/index.php?rest_route=\/wp\/v2\/posts\/6581","targetHints":{"allow":["GET"]}}],"collection":[{"href":"http:\/\/liebevolles-handgemacht.de\/index.php?rest_route=\/wp\/v2\/posts"}],"about":[{"href":"http:\/\/liebevolles-handgemacht.de\/index.php?rest_route=\/wp\/v2\/types\/post"}],"author":[{"embeddable":true,"href":"http:\/\/liebevolles-handgemacht.de\/index.php?rest_route=\/wp\/v2\/users\/2"}],"replies":[{"embeddable":true,"href":"http:\/\/liebevolles-handgemacht.de\/index.php?rest_route=%2Fwp%2Fv2%2Fcomments&post=6581"}],"version-history":[{"count":1,"href":"http:\/\/liebevolles-handgemacht.de\/index.php?rest_route=\/wp\/v2\/posts\/6581\/revisions"}],"predecessor-version":[{"id":6582,"href":"http:\/\/liebevolles-handgemacht.de\/index.php?rest_route=\/wp\/v2\/posts\/6581\/revisions\/6582"}],"wp:attachment":[{"href":"http:\/\/liebevolles-handgemacht.de\/index.php?rest_route=%2Fwp%2Fv2%2Fmedia&parent=6581"}],"wp:term":[{"taxonomy":"category","embeddable":true,"href":"http:\/\/liebevolles-handgemacht.de\/index.php?rest_route=%2Fwp%2Fv2%2Fcategories&post=6581"},{"taxonomy":"post_tag","embeddable":true,"href":"http:\/\/liebevolles-handgemacht.de\/index.php?rest_route=%2Fwp%2Fv2%2Ftags&post=6581"}],"curies":[{"name":"wp","href":"https:\/\/api.w.org\/{rel}","templated":true}]}}