{"id":6843,"date":"2016-05-07T19:19:48","date_gmt":"2016-05-07T19:19:48","guid":{"rendered":"http:\/\/liebevolles-handgemacht.de\/?p=6843"},"modified":"2016-11-10T20:15:27","modified_gmt":"2016-11-10T20:15:27","slug":"lass-die-sonne-in-dein-herz","status":"publish","type":"post","link":"http:\/\/liebevolles-handgemacht.de\/?p=6843","title":{"rendered":"Lass die Sonne in dein Herz"},"content":{"rendered":"<p style=\"text-align: center;\"><span style=\"color: #eb3636;\"><strong>Ich f\u00fchle mich in den letzten Tagen so unglaublich gl\u00fccklich! Das Wetter ist einfach herrlich, die Landschaft traumhaft anzusehen und die freien Tage dazu laden ein raus zu gehen und etwas zu unternehmen! Ich freue mich an diesem Wochenende auf das anstehende Feuerwehrfest mit lieben Freunden und hoffentlich ganz viel tanzen! Und was macht ihr so an diesem Wochenende?<\/strong><\/span><\/p>\n<p style=\"text-align: center;\"><a href=\"https:\/\/liebevolles-handgemacht.de\/wp-content\/uploads\/2016\/07\/IMG_3649k.jpg\"><img loading=\"lazy\" decoding=\"async\" class=\"aligncenter size-full wp-image-3475\" src=\"https:\/\/liebevolles-handgemacht.de\/wp-content\/uploads\/2016\/07\/IMG_3649k.jpg\" alt=\"IMG_3649k\" width=\"600\" height=\"370\" \/><\/a>Und da muss ich euch nochmal einen Blick auf den inzwischen voll aufgebl\u00fchten Raps zeigen und die wunderbare Aussicht aus unseren Wohnzimmer. Selbst die Syrer konnten wir damit begeistern, nicht um hier zu wohnen aber zum Urlaub machen!<\/p>\n<p style=\"text-align: center;\"><a href=\"https:\/\/liebevolles-handgemacht.de\/wp-content\/uploads\/2016\/07\/IMG_3664k.jpg\"><img loading=\"lazy\" decoding=\"async\" class=\"aligncenter size-full wp-image-3480\" src=\"https:\/\/liebevolles-handgemacht.de\/wp-content\/uploads\/2016\/07\/IMG_3664k.jpg\" alt=\"IMG_3664k\" width=\"566\" height=\"600\" \/><\/a>Und bevor Mayla Donnerstag abgeholt wurde habe ich es geschafft doch nochmal ein paar Fotos vor unseren Rapsfeld zu machen. Da wirken die Farben gleich viel intensiver als im beleuchteten Wohnzimmer!<\/p>\n<p style=\"text-align: center;\"><a href=\"https:\/\/liebevolles-handgemacht.de\/wp-content\/uploads\/2016\/07\/IMG_3666k.jpg\"><img loading=\"lazy\" decoding=\"async\" class=\"aligncenter size-full wp-image-3481\" src=\"https:\/\/liebevolles-handgemacht.de\/wp-content\/uploads\/2016\/07\/IMG_3666k.jpg\" alt=\"IMG_3666k\" width=\"600\" height=\"400\" \/><\/a>Mayla bekam als zus\u00e4tzliches Accessoire noch ein Stirnband mit einer H\u00e4kelblume.<\/p>\n<p style=\"text-align: center;\"><a href=\"https:\/\/liebevolles-handgemacht.de\/wp-content\/uploads\/2016\/07\/IMG_3655k.jpg\"><img loading=\"lazy\" decoding=\"async\" class=\"aligncenter size-full wp-image-3476\" src=\"https:\/\/liebevolles-handgemacht.de\/wp-content\/uploads\/2016\/07\/IMG_3655k.jpg\" alt=\"IMG_3655k\" width=\"400\" height=\"600\" \/><\/a>Die Gesichtsform gef\u00e4llt mir diesmal besonders gut, diese runden B\u00e4ckchen sind genau passend.<\/p>\n<p style=\"text-align: center;\"><a href=\"https:\/\/liebevolles-handgemacht.de\/wp-content\/uploads\/2016\/07\/IMG_3659k.jpg\"><img loading=\"lazy\" decoding=\"async\" class=\"aligncenter size-full wp-image-3478\" src=\"https:\/\/liebevolles-handgemacht.de\/wp-content\/uploads\/2016\/07\/IMG_3659k.jpg\" alt=\"IMG_3659k\" width=\"600\" height=\"400\" \/><\/a>Meine Bekannte fragte beim Abholen, ob ich sie abgeben kann. Es ist tats\u00e4chlich immer nicht so einfach so ein kleines Puppenkind wegzugeben. Es steckt so viel Liebe und Arbeit darin. Deshalb muss ich immer ganz viele Fotos machen, zur Erinnerung.<\/p>\n<p style=\"text-align: center;\"><strong><span style=\"color: #eb3636;\">Ich w\u00fcnsche euch allen ein sch\u00f6nes Wochenende mit vielen Aktivit\u00e4ten oder relaxen auf dem Balkon. F\u00fcr die kommende Woche habe ich zwei N\u00e4hanleitungen vorbereitet, mal schauen wann ich es schaffe sie einzustellen.<\/span><\/strong><\/p>\n<p style=\"text-align: center;\"><strong><span style=\"color: #eb3636;\"> LIEBEVOLLe Gr\u00fc\u00dfe Dini.<\/span><\/strong><\/p>\n","protected":false},"excerpt":{"rendered":"<p>Ich f\u00fchle mich in den letzten Tagen so unglaublich gl\u00fccklich! Das Wetter ist einfach herrlich, die Landschaft traumhaft anzusehen und die freien Tage dazu laden ein raus zu gehen und etwas zu unternehmen! Ich freue mich an diesem Wochenende auf &hellip; <a href=\"http:\/\/liebevolles-handgemacht.de\/?p=6843\">Weiterlesen <span class=\"meta-nav\">&rarr;<\/span><\/a><\/p>\n","protected":false},"author":2,"featured_media":0,"comment_status":"open","ping_status":"open","sticky":false,"template":"","format":"standard","meta":{"footnotes":"","_links_to":"","_links_to_target":""},"categories":[24,9],"tags":[],"class_list":["post-6843","post","type-post","status-publish","format-standard","hentry","category-puppen-2","category-puppen"],"_links":{"self":[{"href":"http:\/\/liebevolles-handgemacht.de\/index.php?rest_route=\/wp\/v2\/posts\/6843","targetHints":{"allow":["GET"]}}],"collection":[{"href":"http:\/\/liebevolles-handgemacht.de\/index.php?rest_route=\/wp\/v2\/posts"}],"about":[{"href":"http:\/\/liebevolles-handgemacht.de\/index.php?rest_route=\/wp\/v2\/types\/post"}],"author":[{"embeddable":true,"href":"http:\/\/liebevolles-handgemacht.de\/index.php?rest_route=\/wp\/v2\/users\/2"}],"replies":[{"embeddable":true,"href":"http:\/\/liebevolles-handgemacht.de\/index.php?rest_route=%2Fwp%2Fv2%2Fcomments&post=6843"}],"version-history":[{"count":1,"href":"http:\/\/liebevolles-handgemacht.de\/index.php?rest_route=\/wp\/v2\/posts\/6843\/revisions"}],"predecessor-version":[{"id":6844,"href":"http:\/\/liebevolles-handgemacht.de\/index.php?rest_route=\/wp\/v2\/posts\/6843\/revisions\/6844"}],"wp:attachment":[{"href":"http:\/\/liebevolles-handgemacht.de\/index.php?rest_route=%2Fwp%2Fv2%2Fmedia&parent=6843"}],"wp:term":[{"taxonomy":"category","embeddable":true,"href":"http:\/\/liebevolles-handgemacht.de\/index.php?rest_route=%2Fwp%2Fv2%2Fcategories&post=6843"},{"taxonomy":"post_tag","embeddable":true,"href":"http:\/\/liebevolles-handgemacht.de\/index.php?rest_route=%2Fwp%2Fv2%2Ftags&post=6843"}],"curies":[{"name":"wp","href":"https:\/\/api.w.org\/{rel}","templated":true}]}}