{"id":7059,"date":"2017-01-03T10:05:05","date_gmt":"2017-01-03T10:05:05","guid":{"rendered":"http:\/\/liebevolles-handgemacht.de\/?p=7059"},"modified":"2017-01-25T10:06:32","modified_gmt":"2017-01-25T10:06:32","slug":"gluecksbringer-und-geburtstagsgeschenke","status":"publish","type":"post","link":"http:\/\/liebevolles-handgemacht.de\/?p=7059","title":{"rendered":"Gl\u00fccksbringer und Geburtstagsgeschenke"},"content":{"rendered":"<p style=\"text-align: center;\"><strong><span style=\"color: #993366;\">Ich w\u00fcnsche euch allen ein frohes neues Jahr, f\u00fcr alle ein gl\u00fcckliches Jahr 2017! Ich genie\u00dfe gerade meine letzten freien Tage, bevor der Alltag wieder losgeht und sich der Kalender f\u00fcllt. Die letzte Woche habe ich mit vielen Freunden und gutem Essen verbracht, es wurde viel erz\u00e4hlt und gelacht. Ich hoffe, dass es in diesem Jahr viele solcher Gl\u00fccksmomente geben wird.<br \/>\n<\/span><\/strong><\/p>\n<p style=\"text-align: center;\"><a href=\"https:\/\/liebevolles-handgemacht.de\/wp-content\/uploads\/2017\/01\/IMG_3948k_Fotor.jpg\"><img loading=\"lazy\" decoding=\"async\" class=\"aligncenter size-full wp-image-3774\" src=\"https:\/\/liebevolles-handgemacht.de\/wp-content\/uploads\/2017\/01\/IMG_3948k_Fotor.jpg\" alt=\"IMG_3948k_Fotor\" width=\"600\" height=\"532\" \/><\/a>Und damit das neue Jahr auch ein gutes Jahr wird gab es f\u00fcr einige Freunde einen Gl\u00fccksbringer. Auf einem Zettel habe ich f\u00fcr jeden 3 W\u00fcnsche f\u00fcr dieses Jahr aufgeschrieben, ihn gefaltet und in den Lederanh\u00e4nger eingen\u00e4ht! Die Stickdatei habe ich schon lange und ist Fannytaags von huups. Ich habe das Kleeblatt erst auf Leder gestickt und dann mit der N\u00e4hmaschine auf die R\u00fcckseite Leder hinter gen\u00e4ht. Dann habe ich den Anh\u00e4nger ausgeschnitten und mit einem Lederband und Perlen versehen.<\/p>\n<p style=\"text-align: center;\"><a href=\"https:\/\/liebevolles-handgemacht.de\/wp-content\/uploads\/2017\/01\/IMG_3940k_Fotor.jpg\"><img loading=\"lazy\" decoding=\"async\" class=\"aligncenter size-full wp-image-3771\" src=\"https:\/\/liebevolles-handgemacht.de\/wp-content\/uploads\/2017\/01\/IMG_3940k_Fotor.jpg\" alt=\"IMG_3940k_Fotor\" width=\"600\" height=\"400\" \/><\/a>Gleich am ersten Tag des Jahres stand ein Geburtstag an. Da junge M\u00e4dchen immer eine Menge Kleinkram haben, passt eine Kosmetiktasche doch gut. Mit Namen personalisiert, mit einer Stickdatei von Lieblingslieblinge. Die Tasche ist au\u00dfen mit hochwertigem Wollfilz unten zus\u00e4tzlich mit Papsnap verst\u00e4rkt und einem breitem Webband versch\u00f6nert.<\/p>\n<p style=\"text-align: center;\"><a href=\"https:\/\/liebevolles-handgemacht.de\/wp-content\/uploads\/2017\/01\/IMG_3942k_Fotor.jpg\"><img loading=\"lazy\" decoding=\"async\" class=\"aligncenter size-full wp-image-3772\" src=\"https:\/\/liebevolles-handgemacht.de\/wp-content\/uploads\/2017\/01\/IMG_3942k_Fotor.jpg\" alt=\"IMG_3942k_Fotor\" width=\"480\" height=\"600\" \/><\/a>Auch hier habe ich aus der Stickdatei funnytaags ein Lederanh\u00e4nger bestickt.<\/p>\n<p style=\"text-align: center;\"><a href=\"https:\/\/liebevolles-handgemacht.de\/wp-content\/uploads\/2017\/01\/IMG_3945k_Fotor.jpg\"><img loading=\"lazy\" decoding=\"async\" class=\"aligncenter size-full wp-image-3773\" src=\"https:\/\/liebevolles-handgemacht.de\/wp-content\/uploads\/2017\/01\/IMG_3945k_Fotor.jpg\" alt=\"IMG_3945k_Fotor\" width=\"600\" height=\"423\" \/><\/a>Innen habe ich einen Baumwollstoff verwendet und noch eine kleine Tasche eingen\u00e4ht.<\/p>\n<p style=\"text-align: center;\"><a href=\"https:\/\/liebevolles-handgemacht.de\/wp-content\/uploads\/2017\/01\/IMG_3954k_Fotor.jpg\"><img loading=\"lazy\" decoding=\"async\" class=\"aligncenter size-full wp-image-3775\" src=\"https:\/\/liebevolles-handgemacht.de\/wp-content\/uploads\/2017\/01\/IMG_3954k_Fotor.jpg\" alt=\"IMG_3954k_Fotor\" width=\"600\" height=\"400\" \/><\/a>Und da die Schwester nur zwei Tage sp\u00e4ter Geburtstag hat, habe ich gleich noch eine zweite Tasche gen\u00e4ht. Der Wollfliz in grau mit grauen Papsnap kombiniert und einem bunten Webband.<\/p>\n<p style=\"text-align: center;\"><a href=\"https:\/\/liebevolles-handgemacht.de\/wp-content\/uploads\/2017\/01\/IMG_3955k_Fotor.jpg\"><img loading=\"lazy\" decoding=\"async\" class=\"aligncenter size-full wp-image-3776\" src=\"https:\/\/liebevolles-handgemacht.de\/wp-content\/uploads\/2017\/01\/IMG_3955k_Fotor.jpg\" alt=\"IMG_3955k_Fotor\" width=\"600\" height=\"400\" \/><\/a>Innen ein t\u00fcrkisfarbener Westfalenstoff Baumwolle getupft. Ich liebe diese Kosmetiktaschen und w\u00fcrde mir k\u00f6nnte ich mehrere gleichzeitig benutzten selber welche n\u00e4hen.<\/p>\n<p style=\"text-align: center;\"><strong><span style=\"color: #993366;\">Ich freue mich auf ein weiteres N\u00e4hjahr mit spannenden Projekten. Die n\u00e4chsten Tage werde ich an einem noch geheimen Projekt arbeiten, da ich jetzt zum Proben\u00e4hteam von Ideend\u00f6rfchen geh\u00f6re. Leider wird es noch etwas dauern bis ich euch erste Ergebnisse zeigen kann. LIEBEVOLLe Gr\u00fc\u00dfe Dini.<\/span><\/strong><\/p>\n<p style=\"text-align: center;\">\n","protected":false},"excerpt":{"rendered":"<p>Ich w\u00fcnsche euch allen ein frohes neues Jahr, f\u00fcr alle ein gl\u00fcckliches Jahr 2017! Ich genie\u00dfe gerade meine letzten freien Tage, bevor der Alltag wieder losgeht und sich der Kalender f\u00fcllt. Die letzte Woche habe ich mit vielen Freunden und &hellip; <a href=\"http:\/\/liebevolles-handgemacht.de\/?p=7059\">Weiterlesen <span class=\"meta-nav\">&rarr;<\/span><\/a><\/p>\n","protected":false},"author":1,"featured_media":0,"comment_status":"open","ping_status":"open","sticky":false,"template":"","format":"standard","meta":{"footnotes":"","_links_to":"","_links_to_target":""},"categories":[6,3],"tags":[],"class_list":["post-7059","post","type-post","status-publish","format-standard","hentry","category-ideen","category-privates"],"_links":{"self":[{"href":"http:\/\/liebevolles-handgemacht.de\/index.php?rest_route=\/wp\/v2\/posts\/7059","targetHints":{"allow":["GET"]}}],"collection":[{"href":"http:\/\/liebevolles-handgemacht.de\/index.php?rest_route=\/wp\/v2\/posts"}],"about":[{"href":"http:\/\/liebevolles-handgemacht.de\/index.php?rest_route=\/wp\/v2\/types\/post"}],"author":[{"embeddable":true,"href":"http:\/\/liebevolles-handgemacht.de\/index.php?rest_route=\/wp\/v2\/users\/1"}],"replies":[{"embeddable":true,"href":"http:\/\/liebevolles-handgemacht.de\/index.php?rest_route=%2Fwp%2Fv2%2Fcomments&post=7059"}],"version-history":[{"count":1,"href":"http:\/\/liebevolles-handgemacht.de\/index.php?rest_route=\/wp\/v2\/posts\/7059\/revisions"}],"predecessor-version":[{"id":7060,"href":"http:\/\/liebevolles-handgemacht.de\/index.php?rest_route=\/wp\/v2\/posts\/7059\/revisions\/7060"}],"wp:attachment":[{"href":"http:\/\/liebevolles-handgemacht.de\/index.php?rest_route=%2Fwp%2Fv2%2Fmedia&parent=7059"}],"wp:term":[{"taxonomy":"category","embeddable":true,"href":"http:\/\/liebevolles-handgemacht.de\/index.php?rest_route=%2Fwp%2Fv2%2Fcategories&post=7059"},{"taxonomy":"post_tag","embeddable":true,"href":"http:\/\/liebevolles-handgemacht.de\/index.php?rest_route=%2Fwp%2Fv2%2Ftags&post=7059"}],"curies":[{"name":"wp","href":"https:\/\/api.w.org\/{rel}","templated":true}]}}