{"id":7126,"date":"2017-02-22T11:17:56","date_gmt":"2017-02-22T11:17:56","guid":{"rendered":"http:\/\/liebevolles-handgemacht.de\/?p=7126"},"modified":"2017-02-25T11:19:59","modified_gmt":"2017-02-25T11:19:59","slug":"fuer-einen-3-jaehrigen-ein-cooles-outfit","status":"publish","type":"post","link":"http:\/\/liebevolles-handgemacht.de\/?p=7126","title":{"rendered":"F\u00fcr einen 3-j\u00e4hrigen ein cooles Outfit"},"content":{"rendered":"<p>https:\/\/liebevolles-handgemacht.de\/wp-content\/uploads\/2017\/02\/ habe ich eine andere Nadel eingesetzt, eine st\u00e4rkere Jerseynadel und schon hat meine N\u00e4hmaschine die 5 Lagen ohne Probleme abgesteppt!<\/p>\n<p style=\"text-align: center;\"><a href=\"https:\/\/liebevolles-handgemacht.de\/wp-content\/uploads\/2017\/02\/IMG_4064k_Fotor.jpg\"><img loading=\"lazy\" decoding=\"async\" class=\"aligncenter size-full wp-image-3842\" src=\"https:\/\/liebevolles-handgemacht.de\/wp-content\/uploads\/2017\/02\/IMG_4064k_Fotor.jpg\" alt=\"IMG_4064k_Fotor\" height=\"600\" width=\"400\"><\/a>Ich bin sehr gespannt wenn ich die Kleidung an Omar sehen kann. Aktuell sind sie in Gr.98 glaube ich noch etwas gro\u00df!<\/p>\n<p style=\"text-align: center;\"><a href=\"https:\/\/liebevolles-handgemacht.de\/wp-content\/uploads\/2017\/02\/IMG_4059k_Fotor.jpg\"><img loading=\"lazy\" decoding=\"async\" class=\"aligncenter size-full wp-image-3839\" src=\"https:\/\/liebevolles-handgemacht.de\/wp-content\/uploads\/2017\/02\/IMG_4059k_Fotor.jpg\" alt=\"IMG_4059k_Fotor\" height=\"600\" width=\"400\"><\/a>Die Hose ist relativ schnell gen\u00e4ht, die Kniepatches dauern fast am l\u00e4ngsten. Auch hier sind Taschen eingearbeitet, die ich bisher gerne gemieden habe. Ich wei\u00df nicht warum, weil sie leicht zu n\u00e4hen sind.<\/p>\n<p style=\"text-align: center;\"><a href=\"https:\/\/liebevolles-handgemacht.de\/wp-content\/uploads\/2017\/02\/IMG_4061k_Fotor.jpg\"><img loading=\"lazy\" decoding=\"async\" class=\"aligncenter size-full wp-image-3840\" src=\"https:\/\/liebevolles-handgemacht.de\/wp-content\/uploads\/2017\/02\/IMG_4061k_Fotor.jpg\" alt=\"IMG_4061k_Fotor\" height=\"400\" width=\"600\"><\/a>Die Kniepatches habe ich versehentlich nicht im Fadenlauf zugeschnitten, das war aber kein Problem. Damit sie nicht nur zur Zierde da sind habe ich sie mit Vlieseline G 785 verst\u00e4rkt. Diese Vlieseline ist extra f\u00fcr elastische Stoffe, sie werden stabilisiert und bleiben aber trotzdem etwas elastisch. Leider l\u00e4sst sich die Vlieseline nicht gut zuschneiden, sie f\u00fchlt sich fast wie Seide an.<\/p>\n<p style=\"text-align: center;\"><a href=\"https:\/\/liebevolles-handgemacht.de\/wp-content\/uploads\/2017\/02\/IMG_4062k_Fotor.jpg\"><img loading=\"lazy\" decoding=\"async\" class=\"aligncenter size-full wp-image-3841\" src=\"https:\/\/liebevolles-handgemacht.de\/wp-content\/uploads\/2017\/02\/IMG_4062k_Fotor.jpg\" alt=\"IMG_4062k_Fotor\" height=\"400\" width=\"600\"><\/a>Wegen der Gefahr von Strangulation wird immer wieder vor langen Kordeln bei Kinderkleidung gewarnt. Das macht sicher Sinn, weil Kinder alles ausprobieren m\u00fcssen und eine Kordel leicht herausgezogen wird. Ich habe das B\u00fcndchen hinten mit der Naht mittig angen\u00e4ht, um die Kordel zu fixieren habe ich sie mittig am B\u00fcndchen direkt in der Naht festgen\u00e4ht. Das f\u00e4llt nicht weiter auf und die Kordel kann nicht mehr herausgezogen werden. ( Ich habe leider vergessen ein Foto zu machen!)<\/p>\n<p style=\"text-align: center;\"><a href=\"https:\/\/liebevolles-handgemacht.de\/wp-content\/uploads\/2017\/02\/IMG_4068k.jpg\"><img loading=\"lazy\" decoding=\"async\" class=\"aligncenter size-full wp-image-3844\" src=\"https:\/\/liebevolles-handgemacht.de\/wp-content\/uploads\/2017\/02\/IMG_4068k.jpg\" alt=\"IMG_4068k\" height=\"232\" width=\"600\"><\/a><strong><span style=\"color: #993366;\">Die n\u00e4chsten Projekte sind bereits geplant. Als erstes werde ich f\u00fcr mich etwas n\u00e4hen, darauf freue ich mich schon. Die arabische Schrift hat auch etwas mit einem neuen Projekt\/Auftrag zu tun. Mehr dazu werde ich euch sp\u00e4ter erz\u00e4hlen! F\u00fcr heute soll es das gewesen sein, einen sch\u00f6nen Abend und LIEBEVOLLe Gr\u00fc\u00dfe Dini.<\/span><\/strong><\/p>\n","protected":false},"excerpt":{"rendered":"<p>https:\/\/liebevolles-handgemacht.de\/wp-content\/uploads\/2017\/02\/ habe ich eine andere Nadel eingesetzt, eine st\u00e4rkere Jerseynadel und schon hat meine N\u00e4hmaschine die 5 Lagen ohne Probleme abgesteppt! Ich bin sehr gespannt wenn ich die Kleidung an Omar sehen kann. Aktuell sind sie in Gr.98 glaube ich &hellip; <a href=\"http:\/\/liebevolles-handgemacht.de\/?p=7126\">Weiterlesen <span class=\"meta-nav\">&rarr;<\/span><\/a><\/p>\n","protected":false},"author":1,"featured_media":0,"comment_status":"open","ping_status":"open","sticky":false,"template":"","format":"standard","meta":{"footnotes":"","_links_to":"","_links_to_target":""},"categories":[20],"tags":[],"class_list":["post-7126","post","type-post","status-publish","format-standard","hentry","category-naehideen"],"_links":{"self":[{"href":"http:\/\/liebevolles-handgemacht.de\/index.php?rest_route=\/wp\/v2\/posts\/7126","targetHints":{"allow":["GET"]}}],"collection":[{"href":"http:\/\/liebevolles-handgemacht.de\/index.php?rest_route=\/wp\/v2\/posts"}],"about":[{"href":"http:\/\/liebevolles-handgemacht.de\/index.php?rest_route=\/wp\/v2\/types\/post"}],"author":[{"embeddable":true,"href":"http:\/\/liebevolles-handgemacht.de\/index.php?rest_route=\/wp\/v2\/users\/1"}],"replies":[{"embeddable":true,"href":"http:\/\/liebevolles-handgemacht.de\/index.php?rest_route=%2Fwp%2Fv2%2Fcomments&post=7126"}],"version-history":[{"count":1,"href":"http:\/\/liebevolles-handgemacht.de\/index.php?rest_route=\/wp\/v2\/posts\/7126\/revisions"}],"predecessor-version":[{"id":7127,"href":"http:\/\/liebevolles-handgemacht.de\/index.php?rest_route=\/wp\/v2\/posts\/7126\/revisions\/7127"}],"wp:attachment":[{"href":"http:\/\/liebevolles-handgemacht.de\/index.php?rest_route=%2Fwp%2Fv2%2Fmedia&parent=7126"}],"wp:term":[{"taxonomy":"category","embeddable":true,"href":"http:\/\/liebevolles-handgemacht.de\/index.php?rest_route=%2Fwp%2Fv2%2Fcategories&post=7126"},{"taxonomy":"post_tag","embeddable":true,"href":"http:\/\/liebevolles-handgemacht.de\/index.php?rest_route=%2Fwp%2Fv2%2Ftags&post=7126"}],"curies":[{"name":"wp","href":"https:\/\/api.w.org\/{rel}","templated":true}]}}