{"id":7146,"date":"2017-04-12T10:59:27","date_gmt":"2017-04-12T10:59:27","guid":{"rendered":"http:\/\/liebevolles-handgemacht.de\/?p=7146"},"modified":"2017-04-23T11:03:59","modified_gmt":"2017-04-23T11:03:59","slug":"neue-wege-und-die-entstehung-einer-tasche","status":"publish","type":"post","link":"http:\/\/liebevolles-handgemacht.de\/?p=7146","title":{"rendered":"Neue Wege und die Entstehung einer Tasche"},"content":{"rendered":"<p style=\"text-align: center;\"><strong><span style=\"color: #800080;\">Vielleicht fragen sich einige von euch, warum hier so gar nichts los ist?! Auf dem Blog ist es wirklich gerade sehr ruhig. Die N\u00e4hmaschine macht eine Pause und trotzdem kann ich euch etwas Neues zeigen, aber der Reihe nach. Ich habe diese Woche Urlaub, mein Urlaub muss ich nach und nach abbauen und das hat einen guten Grund. Ab August werde ich dem Kindergarten den R\u00fccken kehren und eine neue Stelle antreten. Dann werde ich f\u00fcr das Projekt Begegnung im Bereich der ambulanten Kinder- und Jugendhilfe eingesetzt. Ich freue mich sehr auf diese neue Aufgabe! <\/span><\/strong><\/p>\n<div id=\"attachment_3870\" style=\"width: 610px\" class=\"wp-caption aligncenter\"><a href=\"https:\/\/liebevolles-handgemacht.de\/wp-content\/uploads\/2017\/04\/IMG_1365k.jpg\"><img loading=\"lazy\" decoding=\"async\" aria-describedby=\"caption-attachment-3870\" class=\"wp-image-3870 size-full\" src=\"https:\/\/liebevolles-handgemacht.de\/wp-content\/uploads\/2017\/04\/IMG_1365k.jpg\" alt=\"IMG_1365k\" height=\"473\" width=\"600\"><\/a><p id=\"caption-attachment-3870\" class=\"wp-caption-text\">Auf meiner Laufstrecke sehe ich immer dieses L\u00e4mmchen!<\/p><\/div>\n<p style=\"text-align: center;\">Ein weiteres Projekt f\u00fcr dieses Jahr ist unser Hausbau, heute habe ich die Bauunterlagen beim Bauamt abgegeben. So langsam wird es immer konkreter!<\/p>\n<p style=\"text-align: center;\"><a href=\"https:\/\/liebevolles-handgemacht.de\/wp-content\/uploads\/2017\/04\/IMG_4107k.jpg\"><img loading=\"lazy\" decoding=\"async\" class=\"aligncenter size-full wp-image-3875\" src=\"https:\/\/liebevolles-handgemacht.de\/wp-content\/uploads\/2017\/04\/IMG_4107k.jpg\" alt=\"IMG_4107k\" height=\"400\" width=\"600\"><\/a>Manchmal beginnen Auftr\u00e4ge mit einer simplen Zeichnung, hier von meinem Vater der f\u00fcr seine Boulekugeln eine Tasche brauchte. Ich habe daraus aus Pappe ein Schnittmuster gemacht, Ziel war es die Tasche aus nur einem Schnittteil zu n\u00e4hen.<\/p>\n<p style=\"text-align: center;\"><a href=\"https:\/\/liebevolles-handgemacht.de\/wp-content\/uploads\/2017\/04\/IMG_4101k.jpg\"><img loading=\"lazy\" decoding=\"async\" class=\"aligncenter size-full wp-image-3871\" src=\"https:\/\/liebevolles-handgemacht.de\/wp-content\/uploads\/2017\/04\/IMG_4101k.jpg\" alt=\"IMG_4101k\" height=\"400\" width=\"600\"><\/a>Und so sieht das fertige Exemplar aus. Die Schrift musste ich anders anordnen werden, damit sie auf die Tasche passt. Das Steckschloss hat schon ganz lange auf seine Verwendung gewartet, wie viele meiner Materialien war es urspr\u00fcnglich f\u00fcr etwas ganz anderes gedacht. Es ist sch\u00f6n wenn alle Materialien vorr\u00e4tig sind und man nichts extra anschaffen muss.<\/p>\n<p style=\"text-align: center;\"><a href=\"https:\/\/liebevolles-handgemacht.de\/wp-content\/uploads\/2017\/04\/IMG_4102k.jpg\"><img loading=\"lazy\" decoding=\"async\" class=\"aligncenter size-full wp-image-3872\" src=\"https:\/\/liebevolles-handgemacht.de\/wp-content\/uploads\/2017\/04\/IMG_4102k.jpg\" alt=\"IMG_4102k\" height=\"600\" width=\"400\"><\/a>Damit man wenn die Tasche auf ist die R\u00fcckseite des Gestickten nicht sieht habe ich ein d\u00fcnnes Filz an die Klappe gen\u00e4ht, was noch zus\u00e4tzliche Stabilit\u00e4t bringt.<\/p>\n<p style=\"text-align: center;\"><a href=\"https:\/\/liebevolles-handgemacht.de\/wp-content\/uploads\/2017\/04\/IMG_4104k.jpg\"><img loading=\"lazy\" decoding=\"async\" class=\"aligncenter size-full wp-image-3873\" src=\"https:\/\/liebevolles-handgemacht.de\/wp-content\/uploads\/2017\/04\/IMG_4104k.jpg\" alt=\"IMG_4104k\" height=\"400\" width=\"600\"><\/a>Dadurch dass die Tasche aus nur einem St\u00fcck entstanden ist hatte sie einen runden Boden und wollte nicht so recht stehen. Also habe ich unten an den Seiten nochmal eine Naht gesetzt und schon war der Boden rechteckig!<\/p>\n<p style=\"text-align: center;\"><a href=\"https:\/\/liebevolles-handgemacht.de\/wp-content\/uploads\/2017\/04\/IMG_4105k.jpg\"><img loading=\"lazy\" decoding=\"async\" class=\"aligncenter size-full wp-image-3874\" src=\"https:\/\/liebevolles-handgemacht.de\/wp-content\/uploads\/2017\/04\/IMG_4105k.jpg\" alt=\"IMG_4105k\" height=\"400\" width=\"600\"><\/a>Zum Schutz des Bodens habe ich noch vier F\u00fc\u00dfchen angebracht und f\u00fcr innen eine &#8222;Einlegesohle&#8220; aus Plastik zugeschnitten, schlie\u00dflich sind die Boulekugeln aus Metall und entsprechend schwer.<\/p>\n<p style=\"text-align: center;\"><strong><span style=\"color: #993366;\">Mein Vater war begeistert und prophezeite mir weitere Auftr\u00e4ge, die ich direkt dankend abgelehnt habe. Lieber soll die Tasche ein exklusives Unikat bleiben!<\/span><\/strong><\/p>\n<p style=\"text-align: center;\"><strong><span style=\"color: #993366;\"> In der vergangenen Woche habe ich schon mit dem angek\u00fcndigten Jeanskleid angefangen. Es hat alles super geklappt, die N\u00e4hte habe ich an der Coverlock gen\u00e4ht und dann mit der N\u00e4hmaschine Jeansn\u00e4hte gesetzt. Als das Oberteil zum gr\u00f6\u00dften Teil fertig war habe ich gemerkt, dass es viel zu gro\u00df ist. Also habe ich einen ganzen Abend lang alles wieder aufgetrennt, das Schnittmuster in einer Nummer kleiner vorbereitet und die Teile entsprechend kleiner zugeschnitten. Bisher habe ich aber noch keine Mu\u00dfe gefunden um einen zweiten Anlauf zu wagen. Ich w\u00fcnsche euch einen sch\u00f6nen Abend und auch schonmal ein frohes Osterfest! LIEBEVOLLe Gr\u00fc\u00dfe Dini.<\/span><\/strong><\/p>\n","protected":false},"excerpt":{"rendered":"<p>Vielleicht fragen sich einige von euch, warum hier so gar nichts los ist?! Auf dem Blog ist es wirklich gerade sehr ruhig. Die N\u00e4hmaschine macht eine Pause und trotzdem kann ich euch etwas Neues zeigen, aber der Reihe nach. Ich &hellip; <a href=\"http:\/\/liebevolles-handgemacht.de\/?p=7146\">Weiterlesen <span class=\"meta-nav\">&rarr;<\/span><\/a><\/p>\n","protected":false},"author":1,"featured_media":0,"comment_status":"open","ping_status":"open","sticky":false,"template":"","format":"standard","meta":{"footnotes":"","_links_to":"","_links_to_target":""},"categories":[7,12,1],"tags":[],"class_list":["post-7146","post","type-post","status-publish","format-standard","hentry","category-dies-das","category-diy-naehen","category-uncategorized"],"_links":{"self":[{"href":"http:\/\/liebevolles-handgemacht.de\/index.php?rest_route=\/wp\/v2\/posts\/7146","targetHints":{"allow":["GET"]}}],"collection":[{"href":"http:\/\/liebevolles-handgemacht.de\/index.php?rest_route=\/wp\/v2\/posts"}],"about":[{"href":"http:\/\/liebevolles-handgemacht.de\/index.php?rest_route=\/wp\/v2\/types\/post"}],"author":[{"embeddable":true,"href":"http:\/\/liebevolles-handgemacht.de\/index.php?rest_route=\/wp\/v2\/users\/1"}],"replies":[{"embeddable":true,"href":"http:\/\/liebevolles-handgemacht.de\/index.php?rest_route=%2Fwp%2Fv2%2Fcomments&post=7146"}],"version-history":[{"count":1,"href":"http:\/\/liebevolles-handgemacht.de\/index.php?rest_route=\/wp\/v2\/posts\/7146\/revisions"}],"predecessor-version":[{"id":7153,"href":"http:\/\/liebevolles-handgemacht.de\/index.php?rest_route=\/wp\/v2\/posts\/7146\/revisions\/7153"}],"wp:attachment":[{"href":"http:\/\/liebevolles-handgemacht.de\/index.php?rest_route=%2Fwp%2Fv2%2Fmedia&parent=7146"}],"wp:term":[{"taxonomy":"category","embeddable":true,"href":"http:\/\/liebevolles-handgemacht.de\/index.php?rest_route=%2Fwp%2Fv2%2Fcategories&post=7146"},{"taxonomy":"post_tag","embeddable":true,"href":"http:\/\/liebevolles-handgemacht.de\/index.php?rest_route=%2Fwp%2Fv2%2Ftags&post=7146"}],"curies":[{"name":"wp","href":"https:\/\/api.w.org\/{rel}","templated":true}]}}