{"id":7216,"date":"2017-05-23T22:41:27","date_gmt":"2017-05-23T22:41:27","guid":{"rendered":"http:\/\/liebevolles-handgemacht.de\/?p=7216"},"modified":"2017-07-31T12:42:18","modified_gmt":"2017-07-31T12:42:18","slug":"ein-kurzurlaub-in-norddeich-mit-einem-neuen-cardigan","status":"publish","type":"post","link":"http:\/\/liebevolles-handgemacht.de\/?p=7216","title":{"rendered":"Ein Kurzurlaub in Norddeich mit einem neuen Cardigan"},"content":{"rendered":"<p style=\"text-align: center;\"><strong><span style=\"color: #800080;\">Ein Kurzurlaub liegt hinter uns, wie schon vor 1 1\/2 Jahren waren wir in Norddeich. Wieder hatten wir mit dem Wetter viel Gl\u00fcck und so liegen ein Paar entspannte Tage hinter uns, mit gutem Essen und viel Ruhe. Schon vor zwei Wochen habe ich den <a href=\"http:\/\/www.lillesolundpelle.de\/epages\/63406511.sf\/de_DE\/?ObjectPath=\/Shops\/63406511\/Products\/lw29\" target=\"_blank\">Cardigan<\/a> von Lillesol &amp; Pelle gen\u00e4ht, au\u00dferdem einen Pullover mit <a href=\"http:\/\/www.lillesolundpelle.de\/epages\/63406511.sf\/de_DE\/?ObjectPath=\/Shops\/63406511\/Products\/lw24\" target=\"_blank\">V-Ausschnitt<\/a>. Nachdem ich zu viele Kleidung herausgesucht habe, wanderte der Pullover wieder in meinen Schrank. Ich werde ihn euch sp\u00e4ter zeigen.<\/span><\/strong><\/p>\n<p style=\"text-align: center;\"><a href=\"https:\/\/liebevolles-handgemacht.de\/wp-content\/uploads\/2017\/07\/DSCF3490k.jpg\"><img loading=\"lazy\" decoding=\"async\" class=\"aligncenter size-full wp-image-3904\" src=\"https:\/\/liebevolles-handgemacht.de\/wp-content\/uploads\/2017\/07\/DSCF3490k.jpg\" alt=\"DSCF3490k\" width=\"600\" height=\"400\"><\/a>An einem Abend nachdem wir gut gegessen haben, haben wir Fotos gemacht. Es fiel mir besonders schwer mich fotografieren zu lassen, aber dank der Geduld von Christian sind doch noch ein paar ganz passable Fotos entstanden, am Hafen von Norddeich.<\/p>\n<p style=\"text-align: center;\"><a href=\"https:\/\/liebevolles-handgemacht.de\/wp-content\/uploads\/2017\/07\/DSCF3485k.jpg\"><img loading=\"lazy\" decoding=\"async\" class=\"aligncenter size-full wp-image-3902\" src=\"https:\/\/liebevolles-handgemacht.de\/wp-content\/uploads\/2017\/07\/DSCF3485k.jpg\" alt=\"DSCF3485k\" width=\"400\" height=\"600\"><\/a>Der Stoff ist ein Jacquard in dunkelblau mit grauen Blumen. Bei dem Cardigan kann man zwischen zwei Versionen w\u00e4hlen, entweder eine breite oder schmale Blende. Ich habe mich zun\u00e4chst f\u00fcr die breite Blende entschieden, hier kann der Kragen oben wie ein Rever umgeklappt werden und so wirkt der Cardigan fast wie ein Blazer.<\/p>\n<p style=\"text-align: center;\"><a href=\"https:\/\/liebevolles-handgemacht.de\/wp-content\/uploads\/2017\/07\/DSCF3476k.jpg\"><img loading=\"lazy\" decoding=\"async\" class=\"aligncenter size-full wp-image-3900\" src=\"https:\/\/liebevolles-handgemacht.de\/wp-content\/uploads\/2017\/07\/DSCF3476k.jpg\" alt=\"DSCF3476k\" width=\"400\" height=\"600\"><\/a>Ich habe ihn in Gr.40 gen\u00e4ht, er h\u00e4tte noch etwas kleiner sein k\u00f6nnen. Also habe ich mich entschlossen ein Knopfloch zu n\u00e4hen und einen Knopf angen\u00e4ht.<\/p>\n<p style=\"text-align: center;\"><a href=\"https:\/\/liebevolles-handgemacht.de\/wp-content\/uploads\/2017\/07\/DSCF3482k.jpg\"><img loading=\"lazy\" decoding=\"async\" class=\"aligncenter size-full wp-image-3901\" src=\"https:\/\/liebevolles-handgemacht.de\/wp-content\/uploads\/2017\/07\/DSCF3482k.jpg\" alt=\"DSCF3482k\" width=\"400\" height=\"600\"><\/a>Die L\u00e4nge des Cardigans finde ich gut.<\/p>\n<p style=\"text-align: center;\"><a href=\"https:\/\/liebevolles-handgemacht.de\/wp-content\/uploads\/2017\/07\/DSCF3472k.jpg\"><img loading=\"lazy\" decoding=\"async\" class=\"aligncenter size-full wp-image-3899\" src=\"https:\/\/liebevolles-handgemacht.de\/wp-content\/uploads\/2017\/07\/DSCF3472k.jpg\" alt=\"DSCF3472k\" width=\"400\" height=\"600\"><\/a>Die Bluse habe ich direkt vor Ort gekauft und sie passt gut dazu.<\/p>\n<div id=\"attachment_3905\" style=\"width: 610px\" class=\"wp-caption aligncenter\"><a href=\"https:\/\/liebevolles-handgemacht.de\/wp-content\/uploads\/2017\/07\/DSCF3491k.jpg\"><img loading=\"lazy\" decoding=\"async\" aria-describedby=\"caption-attachment-3905\" class=\"wp-image-3905 size-full\" src=\"https:\/\/liebevolles-handgemacht.de\/wp-content\/uploads\/2017\/07\/DSCF3491k.jpg\" alt=\"DSCF3491k\" width=\"600\" height=\"400\"><\/a><p id=\"caption-attachment-3905\" class=\"wp-caption-text\">Christian war ganz verz\u00fcckt bei den vielen sch\u00f6nen Booten am Hafen.<\/p><\/div>\n<div id=\"attachment_3158\" style=\"width: 610px\" class=\"wp-caption aligncenter\"><a href=\"https:\/\/www.liebevolles-handgemacht.de\/wp-content\/uploads\/2015\/10\/DSCF2950k.jpg\"><img loading=\"lazy\" decoding=\"async\" aria-describedby=\"caption-attachment-3158\" class=\"wp-image-3158 size-full\" src=\"https:\/\/www.liebevolles-handgemacht.de\/wp-content\/uploads\/2015\/10\/DSCF2950k.jpg\" alt=\"DSCF2950k\" width=\"600\" height=\"400\"><\/a><p id=\"caption-attachment-3158\" class=\"wp-caption-text\">Jede Muschel ist einzigartig, keine sieht aus wie die Andere!<\/p><\/div>\n<div id=\"attachment_3160\" style=\"width: 610px\" class=\"wp-caption aligncenter\"><a href=\"https:\/\/www.liebevolles-handgemacht.de\/wp-content\/uploads\/2015\/10\/DSCF2964.kJPG_.jpg\"><img loading=\"lazy\" decoding=\"async\" aria-describedby=\"caption-attachment-3160\" class=\"wp-image-3160 size-full\" src=\"https:\/\/www.liebevolles-handgemacht.de\/wp-content\/uploads\/2015\/10\/DSCF2964.kJPG_.jpg\" alt=\"DSCF2964.kJPG\" width=\"600\" height=\"400\"><\/a><p id=\"caption-attachment-3160\" class=\"wp-caption-text\">In Norderney verbrachten wir einen sch\u00f6nen Tag am Strand!<\/p><\/div>\n<p style=\"text-align: center;\"><a href=\"https:\/\/www.liebevolles-handgemacht.de\/wp-content\/uploads\/2015\/10\/DSCF2945k.jpg\"><img loading=\"lazy\" decoding=\"async\" class=\"aligncenter size-full wp-image-3157\" src=\"https:\/\/www.liebevolles-handgemacht.de\/wp-content\/uploads\/2015\/10\/DSCF2945k.jpg\" alt=\"DSCF2945k\" width=\"600\" height=\"400\"><\/a><a href=\"https:\/\/www.liebevolles-handgemacht.de\/wp-content\/uploads\/2015\/10\/DSCF2936k.jpg\"><img loading=\"lazy\" decoding=\"async\" class=\"aligncenter size-full wp-image-3156\" src=\"https:\/\/www.liebevolles-handgemacht.de\/wp-content\/uploads\/2015\/10\/DSCF2936k.jpg\" alt=\"DSCF2936k\" width=\"600\" height=\"352\"><\/a><a href=\"https:\/\/www.liebevolles-handgemacht.de\/wp-content\/uploads\/2015\/10\/DSCF2905k.jpg\"><img loading=\"lazy\" decoding=\"async\" class=\"aligncenter size-full wp-image-3154\" src=\"https:\/\/www.liebevolles-handgemacht.de\/wp-content\/uploads\/2015\/10\/DSCF2905k.jpg\" alt=\"DSCF2905k\" width=\"600\" height=\"400\"><\/a><strong><span style=\"color: #800080;\">Ich freue mich dar\u00fcber, dass ich den Rest der Woche frei habe. Trotzdem ist mein Kalender bis obenhin voll. Wenigstens gibt es einen Feiertag zum durchschnaufen. Ich w\u00fcnsche euch eine sch\u00f6ne sonnige Woche, &nbsp; &nbsp; &nbsp; &nbsp; LIEBEVOLLe Gr\u00fc\u00dfe Dini.<\/span><\/strong><\/p>\n","protected":false},"excerpt":{"rendered":"<p>Ein Kurzurlaub liegt hinter uns, wie schon vor 1 1\/2 Jahren waren wir in Norddeich. Wieder hatten wir mit dem Wetter viel Gl\u00fcck und so liegen ein Paar entspannte Tage hinter uns, mit gutem Essen und viel Ruhe. Schon vor &hellip; <a href=\"http:\/\/liebevolles-handgemacht.de\/?p=7216\">Weiterlesen <span class=\"meta-nav\">&rarr;<\/span><\/a><\/p>\n","protected":false},"author":1,"featured_media":0,"comment_status":"open","ping_status":"open","sticky":false,"template":"","format":"standard","meta":{"footnotes":"","_links_to":"","_links_to_target":""},"categories":[3],"tags":[],"class_list":["post-7216","post","type-post","status-publish","format-standard","hentry","category-privates"],"_links":{"self":[{"href":"http:\/\/liebevolles-handgemacht.de\/index.php?rest_route=\/wp\/v2\/posts\/7216","targetHints":{"allow":["GET"]}}],"collection":[{"href":"http:\/\/liebevolles-handgemacht.de\/index.php?rest_route=\/wp\/v2\/posts"}],"about":[{"href":"http:\/\/liebevolles-handgemacht.de\/index.php?rest_route=\/wp\/v2\/types\/post"}],"author":[{"embeddable":true,"href":"http:\/\/liebevolles-handgemacht.de\/index.php?rest_route=\/wp\/v2\/users\/1"}],"replies":[{"embeddable":true,"href":"http:\/\/liebevolles-handgemacht.de\/index.php?rest_route=%2Fwp%2Fv2%2Fcomments&post=7216"}],"version-history":[{"count":1,"href":"http:\/\/liebevolles-handgemacht.de\/index.php?rest_route=\/wp\/v2\/posts\/7216\/revisions"}],"predecessor-version":[{"id":7217,"href":"http:\/\/liebevolles-handgemacht.de\/index.php?rest_route=\/wp\/v2\/posts\/7216\/revisions\/7217"}],"wp:attachment":[{"href":"http:\/\/liebevolles-handgemacht.de\/index.php?rest_route=%2Fwp%2Fv2%2Fmedia&parent=7216"}],"wp:term":[{"taxonomy":"category","embeddable":true,"href":"http:\/\/liebevolles-handgemacht.de\/index.php?rest_route=%2Fwp%2Fv2%2Fcategories&post=7216"},{"taxonomy":"post_tag","embeddable":true,"href":"http:\/\/liebevolles-handgemacht.de\/index.php?rest_route=%2Fwp%2Fv2%2Ftags&post=7216"}],"curies":[{"name":"wp","href":"https:\/\/api.w.org\/{rel}","templated":true}]}}