{"id":7218,"date":"2017-07-24T15:43:49","date_gmt":"2017-07-24T15:43:49","guid":{"rendered":"http:\/\/liebevolles-handgemacht.de\/?p=7218"},"modified":"2017-07-31T12:44:29","modified_gmt":"2017-07-31T12:44:29","slug":"veraenderungen-neue-wege-lebenslust-lieblingsmenschen","status":"publish","type":"post","link":"http:\/\/liebevolles-handgemacht.de\/?p=7218","title":{"rendered":"Ver\u00e4nderungen-Neue Wege-Lebenslust-Lieblingsmenschen"},"content":{"rendered":"<p style=\"text-align: center;\"><strong><span style=\"color: #993366;\">Wo soll ich nur anfangen, es passiert gerade so viel in meinem Leben und ich habe so lange nichts geschrieben da ist es nicht so einfach. Ich m\u00f6chte euch so viele sch\u00f6ne Fotos zeigen von Sachen die ich gen\u00e4ht habe, aber ich brauche erst einen Fotograf und das Wetter l\u00e4sst auch zu w\u00fcnschen \u00fcbrig! <\/span><\/strong><\/p>\n<div id=\"attachment_3919\" style=\"width: 542px\" class=\"wp-caption aligncenter\"><a href=\"https:\/\/liebevolles-handgemacht.de\/wp-content\/uploads\/2017\/07\/IMG_1719k.jpg\"><img loading=\"lazy\" decoding=\"async\" aria-describedby=\"caption-attachment-3919\" class=\"wp-image-3919 size-full\" src=\"https:\/\/liebevolles-handgemacht.de\/wp-content\/uploads\/2017\/07\/IMG_1719k.jpg\" alt=\"IMG_1719k\" width=\"532\" height=\"600\"><\/a><p id=\"caption-attachment-3919\" class=\"wp-caption-text\">Rathaus von Frankenberg<\/p><\/div>\n<p style=\"text-align: center;\">In der vergangenen Woche war ich zwei Tage mit meinem Mann in Frankenberg zur Bemusterung unseres Hauses. Da wir dieses Jahr ein Haus bauen und es ein Fertighaus wird mussten wir an zwei Tagen alles aussuchen, von der Haust\u00fcr \u00fcber Badeinrichtung bis hin zur Positionierung jedes einzelnen Schalters! Es waren anstrengende Tage und noch nie habe ich so viele Entscheidungen auf einmal treffen m\u00fcssen.<\/p>\n<p style=\"text-align: center;\"><a href=\"https:\/\/liebevolles-handgemacht.de\/wp-content\/uploads\/2017\/07\/IMG_1720k.jpg\"><img loading=\"lazy\" decoding=\"async\" class=\"aligncenter size-full wp-image-3920\" src=\"https:\/\/liebevolles-handgemacht.de\/wp-content\/uploads\/2017\/07\/IMG_1720k.jpg\" alt=\"IMG_1720k\" width=\"600\" height=\"450\"><\/a>Des weiteren hatte ich meinen letzten Arbeitstag im Kindergarten, die offizielle Verabschiedung kommt erst noch da ich gerade Urlaub habe. Gleichzeitig arbeite ich schon einige Stunden in einer Wohngruppe f\u00fcr Jugendlich\/junge Erwachsene, ein ganz neues Aufgabenfeld.<\/p>\n<p style=\"text-align: center;\">Da in dieser Woche kaum Termine anliegen versuche ich meinen Kopf ein bisschen frei zu bekommen. Allerdings habe ich mir heute Morgen schon eine lange To-Do-Liste gemacht um die Zeit auszunutzen. Leider ist das Wetter nicht gut gemeldet, ich hatte auch einige Freiluftaktivit\u00e4ten geplant.<\/p>\n<p style=\"text-align: center;\"><a href=\"https:\/\/liebevolles-handgemacht.de\/wp-content\/uploads\/2017\/07\/IMG_4124k.jpg\"><img loading=\"lazy\" decoding=\"async\" class=\"aligncenter size-full wp-image-3917\" src=\"https:\/\/liebevolles-handgemacht.de\/wp-content\/uploads\/2017\/07\/IMG_4124k.jpg\" alt=\"IMG_4124k\" width=\"600\" height=\"400\"><\/a>Besonders genie\u00dfe ich zur Zeit die vielen Treffen mit lieben Menschen die ich durch die Fl\u00fcchtlingsarbeit kennengelernt habe. Sie sind mir inzwischen so vertraut und zu Freunden geworden. Ich bin \u00fcber mich selbst \u00fcberrascht, wie entspannt ich zwischen diesen &#8222;Fremden&#8220; sitze mit ganz unterschiedlicher Herkunft. Und w\u00e4hrend wir ganz nebenbei deutsch \u00fcben, lerne ich ganz viel \u00fcber die Herkunftsl\u00e4nder, das Leben und die Br\u00e4uche. Beim Spiel &#8222;Ich packe meinen Koffer&#8220; \u00fcben wir nicht nur Wortschatzerweiterung (Ventilator, Waschzeug) sondern auch unbestimmte Artikel. Ich packe meinen Koffer und nehme mit: ein Paar Schuhe, eine Hose, ein T-Shirt, ein Paar Socken, eine Sonnenbrille, eine Sonnencreme &#8230;. Insgesamt haben wir 29 Begriffe geschafft, der Ventilator war eine gro\u00dfe Herausforderung und ich konnte ihn auf arabisch weder aussprechen noch mir merken!<\/p>\n<p style=\"text-align: center;\"><a href=\"https:\/\/liebevolles-handgemacht.de\/wp-content\/uploads\/2017\/07\/IMG_1741k.jpg\"><img loading=\"lazy\" decoding=\"async\" class=\"aligncenter size-full wp-image-3912\" src=\"https:\/\/liebevolles-handgemacht.de\/wp-content\/uploads\/2017\/07\/IMG_1741k.jpg\" alt=\"IMG_1741k\" width=\"600\" height=\"513\"><\/a>Gestern war ich zum 1. Geburtstag von Noh eingeladen. Ich war sehr \u00fcberrascht wieviele G\u00e4ste da waren, in einer kleinen Wohnung tummelten sich \u00fcber 30 Personen! F\u00fcr Noh war es sehr aufregend und er wusste gar nicht was los ist. Ich habe zu seinem Geburtstag etwas gen\u00e4ht, wie immer bis zur letzten Minute. Noch ist es reichlich da Noh erst Gr.74 tr\u00e4gt und ich Gr.92\/98 gen\u00e4ht habe. Da merkt man dass ich aus dem Kleinkindthema langsam raus bin. Aber egal das Kind wird hereinwachsen.<\/p>\n<p style=\"text-align: center;\"><a href=\"https:\/\/liebevolles-handgemacht.de\/wp-content\/uploads\/2017\/07\/IMG_4113k.jpg\"><img loading=\"lazy\" decoding=\"async\" class=\"aligncenter size-full wp-image-3915\" src=\"https:\/\/liebevolles-handgemacht.de\/wp-content\/uploads\/2017\/07\/IMG_4113k.jpg\" alt=\"IMG_4113k\" width=\"478\" height=\"600\"><\/a>Lange habe ich \u00fcberlegt welche Farben wohl am sch\u00f6nsten zu brauner Haut (Nohs Eltern kommen aus Eritrea) aussehen.<\/p>\n<p style=\"text-align: center;\">Das Shirt ist aus dem Buch Babyleicht von Klimperklein, der Stoff vom Stoffonkel, die Applikation habe ich abgemalt und mit der N\u00e4hmaschine gen\u00e4ht.<\/p>\n<p style=\"text-align: center;\">Die Hose ist der Schnitt Sweaty von Petit et Jolie Design, lediglich die Taschen habe ich etwas abgewandelt und statt sie hinten drauf zu n\u00e4hen einfach als Beintaschen gemacht.<\/p>\n<p style=\"text-align: center;\"><a href=\"https:\/\/liebevolles-handgemacht.de\/wp-content\/uploads\/2017\/07\/IMG_1744k.jpg\"><img loading=\"lazy\" decoding=\"async\" class=\"aligncenter size-full wp-image-3914\" src=\"https:\/\/liebevolles-handgemacht.de\/wp-content\/uploads\/2017\/07\/IMG_1744k.jpg\" alt=\"IMG_1744k\" width=\"452\" height=\"600\"><\/a>Der Stoff ist von EvLi&#8217;s-Needle ein French Terry in mint, ich habe ihn auch noch in rosa liegen.<\/p>\n<p style=\"text-align: center;\"><a href=\"https:\/\/liebevolles-handgemacht.de\/wp-content\/uploads\/2017\/07\/IMG_1743k.jpg\"><img loading=\"lazy\" decoding=\"async\" class=\"aligncenter size-full wp-image-3913\" src=\"https:\/\/liebevolles-handgemacht.de\/wp-content\/uploads\/2017\/07\/IMG_1743k.jpg\" alt=\"IMG_1743k\" width=\"600\" height=\"450\"><\/a>Der amerikanische Ausschnitt nur einseitig ist eine sch\u00f6ne Variante. Wenn man keine Applikation n\u00e4ht ist das Shirt schnell gen\u00e4ht.<\/p>\n<div id=\"attachment_3911\" style=\"width: 460px\" class=\"wp-caption aligncenter\"><a href=\"https:\/\/liebevolles-handgemacht.de\/wp-content\/uploads\/2017\/07\/IMG_1737k.jpg\"><img loading=\"lazy\" decoding=\"async\" aria-describedby=\"caption-attachment-3911\" class=\"wp-image-3911 size-full\" src=\"https:\/\/liebevolles-handgemacht.de\/wp-content\/uploads\/2017\/07\/IMG_1737k.jpg\" alt=\"IMG_1737k\" width=\"450\" height=\"600\"><\/a><p id=\"caption-attachment-3911\" class=\"wp-caption-text\">Mit Erlaubnis von Nohs Eltern darf ich dieses Foto zeigen!<\/p><\/div>\n<p style=\"text-align: center;\">Auf einem Geburtstag ist es immer interessant zu sehen welche Rituale es in der jeweiligen Familie gibt. Grunds\u00e4tzlich ist es in den meisten deutschen Familien \u00e4hnlich, so auch in den syrischen und afrikanischen Familien. So waren die Eltern von Noh traditionell gekleidet. Spannend war zu beobachten wie sich dieser Geburtstag entwickelte, so war ich nicht sicher ob ich das Geschenk gleich \u00fcbergeben sollte oder ob die Geschenke (wie in den syrischen Familien) erst sp\u00e4ter \u00fcbergeben werden. Es wurde ein afrikanisch-deutscher-syrischer Geburtstag und je h\u00e4ufiger man gemeinsam feiert umso mehr gemeinsame Rituale entstehen. Es ist quasi wie bei einem jungen Ehepaar die zum ersten Mal Weihnachten feiern und jeder bringt etwas aus seiner Herkunftsfamilie mit und es entsteht daraus etwas Neues.<\/p>\n<p style=\"text-align: center;\"><strong><span style=\"color: #993366;\">Ich freue mich endlich wieder einen Blogbeitrag geschrieben zu haben. <\/span><\/strong><\/p>\n<p style=\"text-align: center;\"><strong><span style=\"color: #993366;\">&#8222;Mach einfach dein Ding. Irgendjemand findet es sowieso schei\u00dfe.&#8220;<\/span><\/strong><\/p>\n<p style=\"text-align: center;\"><strong><span style=\"color: #993366;\">In diesem Sinne w\u00fcnsche ich euch einen sch\u00f6nen Tag, macht etwas wozu ihr Lust habe und sammelt ein paar Gl\u00fccksmomente. Sie werden euch tragen wenn die Zeiten schwierig sind! LIEBEVOLLe Gr\u00fc\u00dfe Dini<\/span><\/strong><\/p>\n","protected":false},"excerpt":{"rendered":"<p>Wo soll ich nur anfangen, es passiert gerade so viel in meinem Leben und ich habe so lange nichts geschrieben da ist es nicht so einfach. Ich m\u00f6chte euch so viele sch\u00f6ne Fotos zeigen von Sachen die ich gen\u00e4ht habe, &hellip; <a href=\"http:\/\/liebevolles-handgemacht.de\/?p=7218\">Weiterlesen <span class=\"meta-nav\">&rarr;<\/span><\/a><\/p>\n","protected":false},"author":1,"featured_media":0,"comment_status":"open","ping_status":"open","sticky":false,"template":"","format":"standard","meta":{"footnotes":"","_links_to":"","_links_to_target":""},"categories":[6,3],"tags":[],"class_list":["post-7218","post","type-post","status-publish","format-standard","hentry","category-ideen","category-privates"],"_links":{"self":[{"href":"http:\/\/liebevolles-handgemacht.de\/index.php?rest_route=\/wp\/v2\/posts\/7218","targetHints":{"allow":["GET"]}}],"collection":[{"href":"http:\/\/liebevolles-handgemacht.de\/index.php?rest_route=\/wp\/v2\/posts"}],"about":[{"href":"http:\/\/liebevolles-handgemacht.de\/index.php?rest_route=\/wp\/v2\/types\/post"}],"author":[{"embeddable":true,"href":"http:\/\/liebevolles-handgemacht.de\/index.php?rest_route=\/wp\/v2\/users\/1"}],"replies":[{"embeddable":true,"href":"http:\/\/liebevolles-handgemacht.de\/index.php?rest_route=%2Fwp%2Fv2%2Fcomments&post=7218"}],"version-history":[{"count":1,"href":"http:\/\/liebevolles-handgemacht.de\/index.php?rest_route=\/wp\/v2\/posts\/7218\/revisions"}],"predecessor-version":[{"id":7219,"href":"http:\/\/liebevolles-handgemacht.de\/index.php?rest_route=\/wp\/v2\/posts\/7218\/revisions\/7219"}],"wp:attachment":[{"href":"http:\/\/liebevolles-handgemacht.de\/index.php?rest_route=%2Fwp%2Fv2%2Fmedia&parent=7218"}],"wp:term":[{"taxonomy":"category","embeddable":true,"href":"http:\/\/liebevolles-handgemacht.de\/index.php?rest_route=%2Fwp%2Fv2%2Fcategories&post=7218"},{"taxonomy":"post_tag","embeddable":true,"href":"http:\/\/liebevolles-handgemacht.de\/index.php?rest_route=%2Fwp%2Fv2%2Ftags&post=7218"}],"curies":[{"name":"wp","href":"https:\/\/api.w.org\/{rel}","templated":true}]}}