{"id":7220,"date":"2017-07-29T22:45:43","date_gmt":"2017-07-29T22:45:43","guid":{"rendered":"http:\/\/liebevolles-handgemacht.de\/?p=7220"},"modified":"2017-07-31T12:46:17","modified_gmt":"2017-07-31T12:46:17","slug":"einhornliebe-zum-abschied","status":"publish","type":"post","link":"http:\/\/liebevolles-handgemacht.de\/?p=7220","title":{"rendered":"Einhornliebe zum Abschied"},"content":{"rendered":"<p style=\"text-align: center;\"><strong><span style=\"color: #993366;\">Jetzt ist es vorbei! Gestern war mein Abschied im Kindergarten, zusammen mit den Schulkindern wurde ich verabschiedet. Lange habe ich \u00fcberlegt was ich zu meinem Abschied f\u00fcr ein Geschenk mitnehme. Wie immer hatte ich erst kurz vorher die z\u00fcndende Idee und die Zeit wurde knapp. Zus\u00e4tzlich zu dem Geschenk f\u00fcr die Gruppe wollte ich auch f\u00fcr die Kinder und Kolleginnen kleine Geschenke mitnehmen. Alles wurde noch rechtzeitig fertig, 1 Stunde vor der Verabschiedung, typisch Nadine!<\/span><\/strong><\/p>\n<p style=\"text-align: center;\"><a href=\"https:\/\/liebevolles-handgemacht.de\/wp-content\/uploads\/2017\/07\/IMG_4131k.jpg\"><img loading=\"lazy\" decoding=\"async\" class=\"aligncenter size-full wp-image-3925\" src=\"https:\/\/liebevolles-handgemacht.de\/wp-content\/uploads\/2017\/07\/IMG_4131k.jpg\" alt=\"IMG_4131k\" width=\"600\" height=\"551\"><\/a>Da es in der Gruppe viele Decken gibt aber keine Kissen, kam ich auf die Idee ein Kissen zu n\u00e4hen. Schon vor einer ganzen Weile hatte ich mir das E-Book von rosarosa &#8222;Einhornbande&#8220; gekauft und da Einh\u00f6rner zur Zeit der Renner sind habe ich mich daf\u00fcr entschieden. Gen\u00e4ht habe ich das Einhorn aus weichem Nicki mit einem Inlett, so dass es schnell mal gewaschen werden kann. Das Kissen ist sch\u00f6n gro\u00df so haben darauf zwei Kinderk\u00f6pfe gut Platz.<\/p>\n<p style=\"text-align: center;\"><a href=\"https:\/\/liebevolles-handgemacht.de\/wp-content\/uploads\/2017\/07\/IMG_4132k.jpg\"><img loading=\"lazy\" decoding=\"async\" class=\"aligncenter size-full wp-image-3926\" src=\"https:\/\/liebevolles-handgemacht.de\/wp-content\/uploads\/2017\/07\/IMG_4132k.jpg\" alt=\"IMG_4132k\" width=\"600\" height=\"384\"><\/a>Jedes Kind bekam ein kleines Gl\u00e4schen mit bunten Schokolinsen mit einem Zettel dran &#8222;Danke, f\u00fcr die FARBENFROHE Zeit mit Dir!&#8220;. Als ich in die Kita kam stand f\u00fcr mich ein Glas mit bunten Schokolinsen mit einem Zettel dran, wo sich die Schulkinder f\u00fcr die farbenfrohe Zeit bedankten! Da hatten die Eltern genau die gleiche Idee.<\/p>\n<p style=\"text-align: center;\"><a href=\"https:\/\/liebevolles-handgemacht.de\/wp-content\/uploads\/2017\/07\/IMG_4138k_Fotor_Fotor.jpg\"><img loading=\"lazy\" decoding=\"async\" class=\"aligncenter size-full wp-image-3932\" src=\"https:\/\/liebevolles-handgemacht.de\/wp-content\/uploads\/2017\/07\/IMG_4138k_Fotor_Fotor.jpg\" alt=\"IMG_4138k_Fotor_Fotor\" width=\"600\" height=\"596\"><\/a><\/p>\n<p style=\"text-align: center;\">Aber nicht nur ich habe etwas verschenkt, ich wurde auch reich beschenkt! Ich bekam zwei Gutscheine, einen Strau\u00df Blumen und eine Karte mit einem Gruppenfoto. Dar\u00fcber habe ich mich sehr gefreut.<\/p>\n<p style=\"text-align: center;\">DANKE, ich m\u00f6chte mich bei allen bedanken, den Kindern, den Kolleginnen und den Eltern f\u00fcr sch\u00f6ne 3 1\/2 Jahre! Besonders sch\u00f6n war f\u00fcr mich dass ich einige meiner DELFI-Kinder noch ein St\u00fcck begleiten durfte.<\/p>\n<p style=\"text-align: center;\"><strong><span style=\"color: #993366;\">Als n\u00e4chstes gibt es dann wieder selbstgen\u00e4hte Kleidung zu sehen, die ich f\u00fcr mich gen\u00e4ht habe. Ich w\u00fcnsche euch noch ein sch\u00f6nes Wochenende, LIEBEVOLLe Gr\u00fc\u00dfe Dini.<\/span><\/strong><\/p>\n","protected":false},"excerpt":{"rendered":"<p>Jetzt ist es vorbei! Gestern war mein Abschied im Kindergarten, zusammen mit den Schulkindern wurde ich verabschiedet. Lange habe ich \u00fcberlegt was ich zu meinem Abschied f\u00fcr ein Geschenk mitnehme. Wie immer hatte ich erst kurz vorher die z\u00fcndende Idee &hellip; <a href=\"http:\/\/liebevolles-handgemacht.de\/?p=7220\">Weiterlesen <span class=\"meta-nav\">&rarr;<\/span><\/a><\/p>\n","protected":false},"author":1,"featured_media":0,"comment_status":"open","ping_status":"open","sticky":false,"template":"","format":"standard","meta":{"footnotes":"","_links_to":"","_links_to_target":""},"categories":[6,3],"tags":[],"class_list":["post-7220","post","type-post","status-publish","format-standard","hentry","category-ideen","category-privates"],"_links":{"self":[{"href":"http:\/\/liebevolles-handgemacht.de\/index.php?rest_route=\/wp\/v2\/posts\/7220","targetHints":{"allow":["GET"]}}],"collection":[{"href":"http:\/\/liebevolles-handgemacht.de\/index.php?rest_route=\/wp\/v2\/posts"}],"about":[{"href":"http:\/\/liebevolles-handgemacht.de\/index.php?rest_route=\/wp\/v2\/types\/post"}],"author":[{"embeddable":true,"href":"http:\/\/liebevolles-handgemacht.de\/index.php?rest_route=\/wp\/v2\/users\/1"}],"replies":[{"embeddable":true,"href":"http:\/\/liebevolles-handgemacht.de\/index.php?rest_route=%2Fwp%2Fv2%2Fcomments&post=7220"}],"version-history":[{"count":1,"href":"http:\/\/liebevolles-handgemacht.de\/index.php?rest_route=\/wp\/v2\/posts\/7220\/revisions"}],"predecessor-version":[{"id":7221,"href":"http:\/\/liebevolles-handgemacht.de\/index.php?rest_route=\/wp\/v2\/posts\/7220\/revisions\/7221"}],"wp:attachment":[{"href":"http:\/\/liebevolles-handgemacht.de\/index.php?rest_route=%2Fwp%2Fv2%2Fmedia&parent=7220"}],"wp:term":[{"taxonomy":"category","embeddable":true,"href":"http:\/\/liebevolles-handgemacht.de\/index.php?rest_route=%2Fwp%2Fv2%2Fcategories&post=7220"},{"taxonomy":"post_tag","embeddable":true,"href":"http:\/\/liebevolles-handgemacht.de\/index.php?rest_route=%2Fwp%2Fv2%2Ftags&post=7220"}],"curies":[{"name":"wp","href":"https:\/\/api.w.org\/{rel}","templated":true}]}}