{"id":7263,"date":"2017-10-08T14:19:23","date_gmt":"2017-10-08T14:19:23","guid":{"rendered":"http:\/\/liebevolles-handgemacht.de\/?p=7263"},"modified":"2017-10-08T14:19:23","modified_gmt":"2017-10-08T14:19:23","slug":"ein-vergessenes-geschenk-zum-geburtstag","status":"publish","type":"post","link":"http:\/\/liebevolles-handgemacht.de\/?p=7263","title":{"rendered":"Ein vergessenes Geschenk zum Geburtstag!"},"content":{"rendered":"<p style=\"text-align: center;\"><strong><span style=\"color: #993366;\">Der Titel ist sicher etwas irref\u00fchrend, ich habe im Juli etwas verschenkt was ich hier noch \u00fcberhaupt nicht gezeigt habe. Schade eigentlich, denn es ist mein Meisterst\u00fcck! Nur habe ich immer darauf gehofft, euch ein Foto mit Inhalt zeigen zu k\u00f6nnen. Aber irgendwie habe ich es verpasst, obwohl es genug Gelegenheiten gegeben h\u00e4tte. So kann ich euch nur zwei Handyfotos zeigen und die entstandene Collegejacke lieblos an unserer Wohnwand h\u00e4ngend. Sobald ich ein sch\u00f6neres Foto habe werde ich es nachreichen!<\/span><\/strong><\/p>\n<p style=\"text-align: center;\"><a href=\"http:\/\/liebevolles-handgemacht.de\/wp-content\/uploads\/2017\/10\/IMG_1662-e1507422459909.jpg\"><img loading=\"lazy\" decoding=\"async\" class=\"aligncenter size-full wp-image-3990\" src=\"http:\/\/liebevolles-handgemacht.de\/wp-content\/uploads\/2017\/10\/IMG_1662-e1507422459909.jpg\" alt=\"IMG_1662\" width=\"2448\" height=\"3264\"><\/a>Diese Jacke habe ich als Geburtstagsgeschenk f\u00fcr meinen Bruder gen\u00e4ht. Ich h\u00f6re jetzt schon das Telefon klingeln und meine Mutter fragen, seit wann hast du einen Bruder? Ich habe ihn quasi adoptiert!<\/p>\n<p style=\"text-align: center;\">Die Jacke habe ich nach einem Schnittmuster von Fred von SOHO <a href=\"https:\/\/www.fredvonsoho.de\/eBooks-Herren\/eBook-Papas-Herzblatt.html\" target=\"_blank\">&#8222;Papas Herzblatt&#8220;<\/a>. Die Anleitung ist sehr detailiert und verst\u00e4ndlich geschrieben. Am schwierigsten sind die Paspeltaschen, hier muss man sehr akurat arbeiten. Wenn ihr euch richtig erinnert habe ich schon zwei kleine Collegejacken gen\u00e4ht und habe lange \u00fcberlegt ob ich mich an eine Gro\u00dfe wagen soll. Sie ist schon aufwendig, ich habe zwei Tage daran gen\u00e4ht. Aber nachdem ich im letzten Schritt die Druckkn\u00f6pfe ohne Probleme befestigt bekommen habe, war ich einfach nur gl\u00fccklich und stolz.<\/p>\n<p style=\"text-align: center;\"><a href=\"http:\/\/liebevolles-handgemacht.de\/wp-content\/uploads\/2017\/10\/IMG_1664-e1507422503656.jpg\"><img loading=\"lazy\" decoding=\"async\" class=\"aligncenter size-full wp-image-3991\" src=\"http:\/\/liebevolles-handgemacht.de\/wp-content\/uploads\/2017\/10\/IMG_1664-e1507422503656.jpg\" alt=\"IMG_1664\" width=\"2448\" height=\"3264\"><\/a>Timon musste die Jacke anprobieren, da er eine \u00e4hnliche Statur hat und ihm gefiel die Jacke auch. Das Geburtstagskind war au\u00dfer sich vor Freude, die Jacke passt wie angegossen und er tr\u00e4gt sie wirklich sehr oft. Und das ist der gr\u00f6\u00dfte Beweis, dass es das richtige Geschenk war.<\/p>\n<p style=\"text-align: center;\">Ich wei\u00df nicht warum ich vorher noch nicht f\u00fcr Herren gen\u00e4ht habe, aber es braucht halt sehr viel Stoff um so einen Herren zu bekleiden! Es war sicher nicht das letzte Teil, Timon m\u00f6chte gerne einen Hoodie haben, von gen\u00e4ht hat er allerdings nichts gesagt.<\/p>\n<p style=\"text-align: center;\"><strong><span style=\"color: #993366;\">Ich habe noch einen super sch\u00f6nen Collegejacken-Schnitt f\u00fcr Damen liegen, er ist auch schon vorbereitet, es scheitert gerade am passenden Rei\u00dfverschlu\u00df! Aber es wird wirklich Zeit, dass ich wieder etwas f\u00fcr mich n\u00e4he, es liegen so viele sch\u00f6ne Schnitte und Stoffe im Arbeitszimmer herum. Es fehlt halt irgendwie die Zeit!<\/span><\/strong><\/p>\n<p style=\"text-align: center;\"><strong><span style=\"color: #993366;\">Euch einen sch\u00f6nen Sonntag, LIEBEVOLLe Gr\u00fc\u00dfe Dini.<\/span><\/strong><\/p>\n","protected":false},"excerpt":{"rendered":"<p>Der Titel ist sicher etwas irref\u00fchrend, ich habe im Juli etwas verschenkt was ich hier noch \u00fcberhaupt nicht gezeigt habe. Schade eigentlich, denn es ist mein Meisterst\u00fcck! Nur habe ich immer darauf gehofft, euch ein Foto mit Inhalt zeigen zu &hellip; <a href=\"http:\/\/liebevolles-handgemacht.de\/?p=7263\">Weiterlesen <span class=\"meta-nav\">&rarr;<\/span><\/a><\/p>\n","protected":false},"author":1,"featured_media":0,"comment_status":"open","ping_status":"open","sticky":false,"template":"","format":"standard","meta":{"ngg_post_thumbnail":0,"footnotes":"","_links_to":"","_links_to_target":""},"categories":[3],"tags":[],"class_list":["post-7263","post","type-post","status-publish","format-standard","hentry","category-privates"],"_links":{"self":[{"href":"http:\/\/liebevolles-handgemacht.de\/index.php?rest_route=\/wp\/v2\/posts\/7263","targetHints":{"allow":["GET"]}}],"collection":[{"href":"http:\/\/liebevolles-handgemacht.de\/index.php?rest_route=\/wp\/v2\/posts"}],"about":[{"href":"http:\/\/liebevolles-handgemacht.de\/index.php?rest_route=\/wp\/v2\/types\/post"}],"author":[{"embeddable":true,"href":"http:\/\/liebevolles-handgemacht.de\/index.php?rest_route=\/wp\/v2\/users\/1"}],"replies":[{"embeddable":true,"href":"http:\/\/liebevolles-handgemacht.de\/index.php?rest_route=%2Fwp%2Fv2%2Fcomments&post=7263"}],"version-history":[{"count":1,"href":"http:\/\/liebevolles-handgemacht.de\/index.php?rest_route=\/wp\/v2\/posts\/7263\/revisions"}],"predecessor-version":[{"id":7264,"href":"http:\/\/liebevolles-handgemacht.de\/index.php?rest_route=\/wp\/v2\/posts\/7263\/revisions\/7264"}],"wp:attachment":[{"href":"http:\/\/liebevolles-handgemacht.de\/index.php?rest_route=%2Fwp%2Fv2%2Fmedia&parent=7263"}],"wp:term":[{"taxonomy":"category","embeddable":true,"href":"http:\/\/liebevolles-handgemacht.de\/index.php?rest_route=%2Fwp%2Fv2%2Fcategories&post=7263"},{"taxonomy":"post_tag","embeddable":true,"href":"http:\/\/liebevolles-handgemacht.de\/index.php?rest_route=%2Fwp%2Fv2%2Ftags&post=7263"}],"curies":[{"name":"wp","href":"https:\/\/api.w.org\/{rel}","templated":true}]}}