{"id":7351,"date":"2017-12-21T12:30:25","date_gmt":"2017-12-21T12:30:25","guid":{"rendered":"http:\/\/liebevolles-handgemacht.de\/?p=7351"},"modified":"2018-04-30T12:57:32","modified_gmt":"2018-04-30T12:57:32","slug":"wichtelgeschenk-fuer-die-weihnachtsfeier","status":"publish","type":"post","link":"http:\/\/liebevolles-handgemacht.de\/?p=7351","title":{"rendered":"Wichtelgeschenk f\u00fcr die Weihnachtsfeier"},"content":{"rendered":"<p style=\"text-align: center;\"><strong><span style=\"color: #993366;\">Ich wei\u00df zur Zeit ist mein Blog quasi tot! Leider. Ich habe nichts was ich euch momentan zeigen kann und wenn ich nur ein bisschen aus meinem Leben plaudere ist es nicht so interessant. Aber ich m\u00f6chte mich dann vor Weihnachten und bevor das Jahr zu Ende ist nochmal bei euch melden. Es ist nicht so, dass ich gar nicht gen\u00e4ht habe, aber ich habe f\u00fcr mich gen\u00e4ht. Das Wetter l\u00e4sst es nicht zu sch\u00f6ne Fotos zu machen, drinnen ist es zu dunkel, drau\u00dfen zu nass und einen Fotografen habe ich auch nur selten zur Hand. Irgendwann werde ich alles nachreichen! Aber ein Wichtelgeschenk habe ich gen\u00e4ht, heute ist Weihnachtsfeier und das m\u00f6chte ich euch zeigen.<\/span><\/strong><\/p>\n<p style=\"text-align: center;\"><a href=\"http:\/\/www.liebevolles-handgemacht.de\/wp-content\/uploads\/2018\/04\/IMG_4266k.jpg\"><img loading=\"lazy\" decoding=\"async\" class=\"aligncenter size-full wp-image-4002\" src=\"http:\/\/www.liebevolles-handgemacht.de\/wp-content\/uploads\/2018\/04\/IMG_4266k.jpg\" alt=\"IMG_4266k\" width=\"600\" height=\"400\"><\/a> Jeder musste eine Kollegin oder Kollegen ziehen, ich habe Anne gezogen und meine erste Frage war &#8222;Wer ist Anne?&#8220;. Da ich noch recht neu bin und viele Kollegen noch gar nicht kenne oder einige nur vom sehen, musste ich mich erstmal erkundigen.<\/p>\n<p style=\"text-align: center;\"><a href=\"http:\/\/www.liebevolles-handgemacht.de\/wp-content\/uploads\/2018\/04\/IMG_4251k.jpg\"><img loading=\"lazy\" decoding=\"async\" class=\"aligncenter size-full wp-image-3996\" src=\"http:\/\/www.liebevolles-handgemacht.de\/wp-content\/uploads\/2018\/04\/IMG_4251k.jpg\" alt=\"IMG_4251k\" width=\"600\" height=\"400\"><\/a>F\u00fcr 5\u20ac sollte etwas besorgt werden. Es ist so sch\u00f6n wenn man etwas selber machen kann. Auch wenn ich so gar keine Ahnung habe ob die Farben gefallen, bin ich zuversichtlich dass sich Anne freuen wird. Und so eine Tasche kann &#8222;Frau&#8220; immer gebrauchen, meine diversen Taschen sind immer im Einsatz. Gerade wenn ich unterwegs bin und mehrere Kleinteile mitnehmen muss, sind sie optimal.<\/p>\n<p style=\"text-align: center;\"><a href=\"http:\/\/www.liebevolles-handgemacht.de\/wp-content\/uploads\/2018\/04\/IMG_4254k.jpg\"><img loading=\"lazy\" decoding=\"async\" class=\"aligncenter size-full wp-image-3998\" src=\"http:\/\/www.liebevolles-handgemacht.de\/wp-content\/uploads\/2018\/04\/IMG_4254k.jpg\" alt=\"IMG_4254k\" width=\"600\" height=\"400\"><\/a>Ich habe mal wieder Wollfilz mit PapSnap kombiniert, das Label aus PapSnap durfte nicht fehlen. Ist sozusagen der Absender. Meine Lieblingsschrift (Stickdatei) von Lieblingslieblinge Nr. 7 habe ich wieder benutzt.<\/p>\n<p style=\"text-align: center;\"><a href=\"http:\/\/www.liebevolles-handgemacht.de\/wp-content\/uploads\/2018\/04\/IMG_4253k.jpg\"><img loading=\"lazy\" decoding=\"async\" class=\"aligncenter size-full wp-image-3997\" src=\"http:\/\/www.liebevolles-handgemacht.de\/wp-content\/uploads\/2018\/04\/IMG_4253k.jpg\" alt=\"IMG_4253k\" width=\"600\" height=\"400\"><\/a>Das Herz ist aus Leder mit einer Stickdatei von Huups Fannytaags. Die Perlen sind aus Keramik, leider gehen sie zu Ende! Sie sehen immer etwas edler aus als Holzperlen.<\/p>\n<p style=\"text-align: center;\"><a href=\"http:\/\/www.liebevolles-handgemacht.de\/wp-content\/uploads\/2018\/04\/IMG_4269k.jpg\"><img loading=\"lazy\" decoding=\"async\" class=\"aligncenter size-full wp-image-4003\" src=\"http:\/\/www.liebevolles-handgemacht.de\/wp-content\/uploads\/2018\/04\/IMG_4269k.jpg\" alt=\"IMG_4269k\" width=\"600\" height=\"400\"><\/a>Nebenbei stricke ich gerade kleine Wichtelm\u00fctzen, sie sind f\u00fcr Sternenkinder bestimmt. Die Anleitung ist von Tilisternchen &#8222;Pixiwunder&#8220;. In diesen kleinen Gr\u00f6\u00dfen ist sie schnell gestrickt und die Anleitung ist einfach, so dass ich sie nach drei M\u00fctzen auswendig kann. Au\u00dferdem kann man sie einfach in jeder Gr\u00f6\u00dfe fertigen, weil man die Maschenzahl ganz einfach ausrechnen kann.<\/p>\n<p style=\"text-align: center;\"><a href=\"http:\/\/www.liebevolles-handgemacht.de\/wp-content\/uploads\/2018\/04\/IMG_4255k.jpg\"><img loading=\"lazy\" decoding=\"async\" class=\"aligncenter size-full wp-image-3999\" src=\"http:\/\/www.liebevolles-handgemacht.de\/wp-content\/uploads\/2018\/04\/IMG_4255k.jpg\" alt=\"IMG_4255k\" width=\"400\" height=\"600\"><\/a>Die M\u00fctzen sind unheimlich dehnbar, deshalb wachsen sie bei der richtigen Wolle lange mit. Ich habe sie probehalber auf einen Puppenkopf gesetzt und sie sieht wirklich niedlich aus.<\/p>\n<p style=\"text-align: center;\"><a href=\"http:\/\/www.liebevolles-handgemacht.de\/wp-content\/uploads\/2018\/04\/IMG_4256k.jpg\"><img loading=\"lazy\" decoding=\"async\" class=\"aligncenter size-full wp-image-4000\" src=\"http:\/\/www.liebevolles-handgemacht.de\/wp-content\/uploads\/2018\/04\/IMG_4256k.jpg\" alt=\"IMG_4256k\" width=\"517\" height=\"600\"><\/a>Ich habe unten eine gedrehte Kordel eingezogen, so kann sie wunderbar angepasst werden.<\/p>\n<p style=\"text-align: center;\"><a href=\"http:\/\/www.liebevolles-handgemacht.de\/wp-content\/uploads\/2018\/04\/IMG_4269k.jpg\"><img loading=\"lazy\" decoding=\"async\" class=\"aligncenter size-full wp-image-4003\" src=\"http:\/\/www.liebevolles-handgemacht.de\/wp-content\/uploads\/2018\/04\/IMG_4269k.jpg\" alt=\"IMG_4269k\" width=\"600\" height=\"400\"><\/a>Und hier mal drei unterschiedliche Gr\u00f6\u00dfen. Bei der M\u00fctze besteht Suchtgefahr, da ist es eher ung\u00fcnstig dass sie mitw\u00e4chst.<\/p>\n<p style=\"text-align: center;\"><strong><span style=\"color: #993366;\">Das war es jetzt leider schon wieder. Ich f\u00fcrchte im n\u00e4chsten Viertel Jahr wird es noch etwas ruhig bleiben. Wenn mein Arbeitszimmer dann endlich fertig ist und ich mein eigenes Reich habe dann wird es hoffentlich besser. Es juckt mir so in den Fingern. Jedesmal wenn ich etwas fertiggestellt habe bin ich so gl\u00fccklich. Gleich geht die Weihnachtsfeier los. Ob ich den Beitrag schon einstellen kann? Oder laufe ich Gefahr, dass Anne ihr Geschenk noch vor dem auspacken sieht? Ich glaube nicht. LIEBEVOLLe Gr\u00fc\u00dfe und euch allen ein sch\u00f6nes Weihnachtsfest w\u00fcnscht Dini. <\/span><\/strong><\/p>\n","protected":false},"excerpt":{"rendered":"<p>Ich wei\u00df zur Zeit ist mein Blog quasi tot! Leider. Ich habe nichts was ich euch momentan zeigen kann und wenn ich nur ein bisschen aus meinem Leben plaudere ist es nicht so interessant. Aber ich m\u00f6chte mich dann vor &hellip; <a href=\"http:\/\/liebevolles-handgemacht.de\/?p=7351\">Weiterlesen <span class=\"meta-nav\">&rarr;<\/span><\/a><\/p>\n","protected":false},"author":1,"featured_media":0,"comment_status":"open","ping_status":"open","sticky":false,"template":"","format":"standard","meta":{"ngg_post_thumbnail":0,"footnotes":"","_links_to":"","_links_to_target":""},"categories":[3],"tags":[],"class_list":["post-7351","post","type-post","status-publish","format-standard","hentry","category-privates"],"_links":{"self":[{"href":"http:\/\/liebevolles-handgemacht.de\/index.php?rest_route=\/wp\/v2\/posts\/7351","targetHints":{"allow":["GET"]}}],"collection":[{"href":"http:\/\/liebevolles-handgemacht.de\/index.php?rest_route=\/wp\/v2\/posts"}],"about":[{"href":"http:\/\/liebevolles-handgemacht.de\/index.php?rest_route=\/wp\/v2\/types\/post"}],"author":[{"embeddable":true,"href":"http:\/\/liebevolles-handgemacht.de\/index.php?rest_route=\/wp\/v2\/users\/1"}],"replies":[{"embeddable":true,"href":"http:\/\/liebevolles-handgemacht.de\/index.php?rest_route=%2Fwp%2Fv2%2Fcomments&post=7351"}],"version-history":[{"count":1,"href":"http:\/\/liebevolles-handgemacht.de\/index.php?rest_route=\/wp\/v2\/posts\/7351\/revisions"}],"predecessor-version":[{"id":7352,"href":"http:\/\/liebevolles-handgemacht.de\/index.php?rest_route=\/wp\/v2\/posts\/7351\/revisions\/7352"}],"wp:attachment":[{"href":"http:\/\/liebevolles-handgemacht.de\/index.php?rest_route=%2Fwp%2Fv2%2Fmedia&parent=7351"}],"wp:term":[{"taxonomy":"category","embeddable":true,"href":"http:\/\/liebevolles-handgemacht.de\/index.php?rest_route=%2Fwp%2Fv2%2Fcategories&post=7351"},{"taxonomy":"post_tag","embeddable":true,"href":"http:\/\/liebevolles-handgemacht.de\/index.php?rest_route=%2Fwp%2Fv2%2Ftags&post=7351"}],"curies":[{"name":"wp","href":"https:\/\/api.w.org\/{rel}","templated":true}]}}