{"id":7359,"date":"2018-03-18T13:11:41","date_gmt":"2018-03-18T13:11:41","guid":{"rendered":"http:\/\/liebevolles-handgemacht.de\/?p=7359"},"modified":"2026-08-31T15:11:21","modified_gmt":"2026-08-31T15:11:21","slug":"naehparadies-ist-fertig-gestellt","status":"publish","type":"post","link":"http:\/\/liebevolles-handgemacht.de\/?p=7359","title":{"rendered":"N\u00e4hparadies ist fertig gestellt!"},"content":{"rendered":"<p style=\"text-align: center;\"><strong><span style=\"color: #993366;\">Ich freue mich so und kann meine Freude gar nicht so richtig in Worte fassen! Aber ich habe sehr viele Fotos gemacht und da bekommt ihr einen tollen Einblick in mein N\u00e4hzimmer, welches ich ganz f\u00fcr mich alleine habe und das alles besitzt was man zum kreativ-sein braucht. Es ist so genial sch\u00f6n geworden, einiges musste spontan etwas umgeplant werden. Bisher habe ich mir ein gro\u00dfes Arbeitszimmer mit meinem Mann geteilt. Ich habe ungef\u00e4hr 80% des Zimmers mit Beschlag belegt und mein Mann musste sich mit wenig Platz zufrieden geben. Nachdem er immer h\u00e4ufiger von zu Hause aus arbeitete wurde f\u00fcr uns Beide die Situation immer unbefriedigender. Im Zuge unseres Hausbaus und des Umzuges konnten wir dann unseren Traum vom eigenen Arbeitszimmer verwirklichen. Gerne nehme ich euch mit in mein kleines &#8222;Atelier&#8220; von wo ich mich in Zukunft meiner Kreativit\u00e4t hingeben werde.<\/span><\/strong><\/p>\n<p style=\"text-align: center;\"><a href=\"http:\/\/www.liebevolles-handgemacht.de\/wp-content\/uploads\/2018\/04\/IMG_4287k.jpg\"><img loading=\"lazy\" decoding=\"async\" class=\"aligncenter size-full wp-image-4073\" src=\"http:\/\/www.liebevolles-handgemacht.de\/wp-content\/uploads\/2018\/04\/IMG_4287k.jpg\" alt=\"IMG_4287k\" width=\"400\" height=\"600\"><\/a>Der Zuschneidetisch ist auf Rollen und kann so schnell mal an die Seite geschoben werden. Der Tisch hat eine angenehme Arbeitsh\u00f6he um im Stehen daran zu arbeiten. Gerne h\u00e4tte ich ihn noch etwas gr\u00f6\u00dfer gehabt, aber dann h\u00e4tte er f\u00fcr die Gesamtgr\u00f6\u00dfe des Raumes zu viel Platz eingenommen. Diesen Tisch hat mein Vater mir gebaut.<\/p>\n<p style=\"text-align: center;\"><a href=\"http:\/\/www.liebevolles-handgemacht.de\/wp-content\/uploads\/2018\/04\/IMG_4288k.jpg\"><img loading=\"lazy\" decoding=\"async\" class=\"aligncenter size-full wp-image-4074\" src=\"http:\/\/www.liebevolles-handgemacht.de\/wp-content\/uploads\/2018\/04\/IMG_4288k.jpg\" alt=\"IMG_4288k\" width=\"600\" height=\"400\"><\/a>Die Dachschr\u00e4ge ist optimal ausgenutzt, hier haben meine drei Ikea Kommoden Platz gefunden die ich schon im alten Arbeitszimmer hatte. Sie sind gef\u00fcllt mit Stoffen und Schnittmustern.<\/p>\n<p style=\"text-align: center;\"><a href=\"http:\/\/www.liebevolles-handgemacht.de\/wp-content\/uploads\/2018\/04\/IMG_4289k.jpg\"><img loading=\"lazy\" decoding=\"async\" class=\"aligncenter size-full wp-image-4075\" src=\"http:\/\/www.liebevolles-handgemacht.de\/wp-content\/uploads\/2018\/04\/IMG_4289k.jpg\" alt=\"IMG_4289k\" width=\"600\" height=\"400\"><\/a>Hier eine Schublade mit Stoffresten. Damit ich meine Stoffe ordentlich und \u00fcbersichtlich aufbewahren kann habe ich mir Comic-Pappen gekauft. Der Stoff wird um die Pappe gewickelt und mit gro\u00dfen B\u00fcroklammern befestigt. So kann der Stoff aufrecht hintereinander gestellt werden und man hat eine gute \u00dcbersicht.<\/p>\n<p style=\"text-align: center;\"><a href=\"http:\/\/www.liebevolles-handgemacht.de\/wp-content\/uploads\/2018\/04\/IMG_4290k.jpg\"><img loading=\"lazy\" decoding=\"async\" class=\"aligncenter size-full wp-image-4076\" src=\"http:\/\/www.liebevolles-handgemacht.de\/wp-content\/uploads\/2018\/04\/IMG_4290k.jpg\" alt=\"IMG_4290k\" width=\"600\" height=\"400\"><\/a>Bei gr\u00f6\u00dferen Stoffst\u00fccken \u00fcber 1 Meter funktioniert diese Technik nicht mehr so gut. Auch wenn der Stoff angeschnitten ist, ist es manchmal etwas fummelig. Aber es lohnt sich die Stoffreste wenn sie nicht zu klein sind wieder auf eine Pappe zu wickeln.<\/p>\n<p style=\"text-align: center;\"><a href=\"http:\/\/www.liebevolles-handgemacht.de\/wp-content\/uploads\/2018\/04\/IMG_4291k.jpg\"><img loading=\"lazy\" decoding=\"async\" class=\"aligncenter size-full wp-image-4077\" src=\"http:\/\/www.liebevolles-handgemacht.de\/wp-content\/uploads\/2018\/04\/IMG_4291k.jpg\" alt=\"IMG_4291k\" width=\"400\" height=\"600\"><\/a>Ich liebe Ordnung, kann sie aber wenn ich kreativ bin nicht halten! Ich mag es alle Materialien \u00fcbersichtlich in durchsichtigen Plastikkisten zu haben. Die Kisten sind schon seit Jahren im Einsatz, jetzt sind nochmal einige hinzu gekommen. Mein Regal mit Ordnern und B\u00fcchern ist um die H\u00e4lfte geschrumpft. Viele Ordner und B\u00fccher sind auf dem Dachboden gelandet. Vieles habe ich seit Jahren nicht gebraucht und somit kann ich es herunterholen wenn ich es wirklich brauche.<\/p>\n<p style=\"text-align: center;\"><a href=\"http:\/\/www.liebevolles-handgemacht.de\/wp-content\/uploads\/2018\/04\/IMG_4293k.jpg\"><img loading=\"lazy\" decoding=\"async\" class=\"aligncenter size-full wp-image-4078\" src=\"http:\/\/www.liebevolles-handgemacht.de\/wp-content\/uploads\/2018\/04\/IMG_4293k.jpg\" alt=\"IMG_4293k\" width=\"600\" height=\"498\"><\/a>Davon hatte ich lange getr\u00e4umt, einige Arbeitsmaterialien griffbereit \u00fcber dem Zuschneidetisch zu haben.<\/p>\n<p style=\"text-align: center;\"><a href=\"http:\/\/www.liebevolles-handgemacht.de\/wp-content\/uploads\/2018\/04\/IMG_4294k.jpg\"><img loading=\"lazy\" decoding=\"async\" class=\"aligncenter size-full wp-image-4079\" src=\"http:\/\/www.liebevolles-handgemacht.de\/wp-content\/uploads\/2018\/04\/IMG_4294k.jpg\" alt=\"IMG_4294k\" width=\"600\" height=\"400\"><\/a>Ok gerade passt es nicht, wo alles so sch\u00f6n sortiert und geordnet ist, aber es wird die Zeit kommen wo es einfach passt. Wenn ich an f\u00fcnf Projekten gleichzeitig arbeite!<\/p>\n<p style=\"text-align: center;\"><a href=\"http:\/\/www.liebevolles-handgemacht.de\/wp-content\/uploads\/2018\/04\/IMG_4296k.jpg\"><img loading=\"lazy\" decoding=\"async\" class=\"aligncenter size-full wp-image-4081\" src=\"http:\/\/www.liebevolles-handgemacht.de\/wp-content\/uploads\/2018\/04\/IMG_4296k.jpg\" alt=\"IMG_4296k\" width=\"600\" height=\"202\"><\/a>Diese wundersch\u00f6nen Gl\u00e4ser sind Marmeladengl\u00e4ser und ja ich habe sie wegen ihres Aussehens gekauft! Das tolle ist aber die Marmelade schmeckt auch noch super und somit ist es eine win-win-Situation. Also gibt es in n\u00e4chster Zeit noch mehr &#8222;Gl\u00fcck&#8220; auf dem Fr\u00fchst\u00fcckstisch. Die \u00fcbrige Schrift auf dem Glas habe ich mit einem Glasschaber entfernt.<\/p>\n<p style=\"text-align: center;\"><a href=\"http:\/\/www.liebevolles-handgemacht.de\/wp-content\/uploads\/2018\/04\/IMG_4295k.jpg\"><img loading=\"lazy\" decoding=\"async\" class=\"aligncenter size-full wp-image-4080\" src=\"http:\/\/www.liebevolles-handgemacht.de\/wp-content\/uploads\/2018\/04\/IMG_4295k.jpg\" alt=\"IMG_4295k\" width=\"600\" height=\"400\"><\/a>Auch das stimmt. Wenn ich n\u00e4he dann macht mich das sehr gl\u00fccklich!<\/p>\n<p style=\"text-align: center;\"><a href=\"http:\/\/www.liebevolles-handgemacht.de\/wp-content\/uploads\/2018\/04\/IMG_4297k.jpg\"><img loading=\"lazy\" decoding=\"async\" class=\"aligncenter size-full wp-image-4082\" src=\"http:\/\/www.liebevolles-handgemacht.de\/wp-content\/uploads\/2018\/04\/IMG_4297k.jpg\" alt=\"IMG_4297k\" width=\"600\" height=\"400\"><\/a>Dieses Brett f\u00fcr die N\u00e4hgarnrollen samt Unterfaden hat mir auch mein Vater gebaut. So ist der richtige Unterfaden immer gleich griffbereit, ohne langes suchen.<\/p>\n<p style=\"text-align: center;\"><a href=\"http:\/\/www.liebevolles-handgemacht.de\/wp-content\/uploads\/2018\/04\/IMG_4298k.jpg\"><img loading=\"lazy\" decoding=\"async\" class=\"aligncenter size-full wp-image-4083\" src=\"http:\/\/www.liebevolles-handgemacht.de\/wp-content\/uploads\/2018\/04\/IMG_4298k.jpg\" alt=\"IMG_4298k\" width=\"600\" height=\"400\"><\/a>Mit der Lagerung meiner Schnittmuster war ich sehr unzufrieden. In der Kommode untergebracht ist es sehr un\u00fcbersichtlich. Solange ich viele Kindersachen gen\u00e4ht habe ging es noch. Die kleinen Schnittmuster konnten gut in gro\u00dfen Umschl\u00e4gen untergebracht werden. Bei den Schnittmustern f\u00fcr Erwachsenen ist es da schon schwieriger. Ich habe dann angefangen sie aufzurollen, aber auch das war keine gute L\u00f6sung. Jetzt habe ich die gr\u00f6\u00dften Schnittmuster und die ich h\u00e4ufig benutzte einen Platz auf einem Kleiderst\u00e4nder gefunden.<\/p>\n<p style=\"text-align: center;\"><a href=\"http:\/\/www.liebevolles-handgemacht.de\/wp-content\/uploads\/2018\/04\/IMG_4299k.jpg\"><img loading=\"lazy\" decoding=\"async\" class=\"aligncenter size-full wp-image-4084\" src=\"http:\/\/www.liebevolles-handgemacht.de\/wp-content\/uploads\/2018\/04\/IMG_4299k.jpg\" alt=\"IMG_4299k\" width=\"600\" height=\"400\"><\/a>Bisher mussten sich meine zwei wichtigesten Maschinen einen Tisch teilen. Also musste ich die Maschinen immer hin und her schieben, eine vom Tisch runter auf dem Boden. Weder f\u00fcr die Maschinen war es gut noch f\u00fcr meinen R\u00fccken. Vor allen wenn ich manchmal mit einer Maschine nur zwei N\u00e4hte machen musste, war es sehr l\u00e4stig. Jetzt sind sie auf einem langen Tisch untergebracht, so brauche ich mit dem Drehstuhl nur hin und her rollen um den Arbeitsplatz zu wechseln.<\/p>\n<p style=\"text-align: center;\"><a href=\"http:\/\/www.liebevolles-handgemacht.de\/wp-content\/uploads\/2018\/04\/IMG_4301k.jpg\"><img loading=\"lazy\" decoding=\"async\" class=\"aligncenter size-full wp-image-4085\" src=\"http:\/\/www.liebevolles-handgemacht.de\/wp-content\/uploads\/2018\/04\/IMG_4301k.jpg\" alt=\"IMG_4301k\" width=\"600\" height=\"400\"><\/a>Und hier sind die meisten meiner Materialien untergebracht. \u00dcbersichtlich im Ivar-Regal, welche mich schon seit 23 Jahren begleiten. OK es sind immer mehr und immer gr\u00f6\u00dfer geworden!<\/p>\n<p style=\"text-align: center;\"><a href=\"http:\/\/www.liebevolles-handgemacht.de\/wp-content\/uploads\/2018\/04\/IMG_4303k.jpg\"><img loading=\"lazy\" decoding=\"async\" class=\"aligncenter size-full wp-image-4086\" src=\"http:\/\/www.liebevolles-handgemacht.de\/wp-content\/uploads\/2018\/04\/IMG_4303k.jpg\" alt=\"IMG_4303k\" width=\"400\" height=\"600\"><\/a>Ein wichtiges Hilfsmittel um an alle Materialien zu kommen, auch die ganz oben auf dem Regal. Aber wie ich festgestellt habe ist der Hocker auch bequem um darauf zu sitzen und Ideen auszubr\u00fcten.<\/p>\n<p style=\"text-align: center;\"><a href=\"http:\/\/www.liebevolles-handgemacht.de\/wp-content\/uploads\/2018\/04\/IMG_4305k.jpg\"><img loading=\"lazy\" decoding=\"async\" class=\"aligncenter size-full wp-image-4088\" src=\"http:\/\/www.liebevolles-handgemacht.de\/wp-content\/uploads\/2018\/04\/IMG_4305k.jpg\" alt=\"IMG_4305k\" width=\"600\" height=\"400\"><\/a>Die unterschiedlichen Stoffe sind nach Material und Farben in gro\u00dfen Kisten sortiert. So ist es leicht bei so vielen Stoffen den \u00dcberblick \u00fcber die Sch\u00f6nheiten zu behalten.<\/p>\n<p style=\"text-align: center;\"><a href=\"http:\/\/www.liebevolles-handgemacht.de\/wp-content\/uploads\/2018\/04\/IMG_4341k.jpg\"><img loading=\"lazy\" decoding=\"async\" class=\"aligncenter size-full wp-image-4092\" src=\"http:\/\/www.liebevolles-handgemacht.de\/wp-content\/uploads\/2018\/04\/IMG_4341k.jpg\" alt=\"IMG_4341k\" width=\"400\" height=\"600\"><\/a>Noch eine neue Errungenschaft! Auf diesem Servierwagen haben alle wichtigen N\u00e4hutensilien ihren Platz. Ganz bequem kann ich das W\u00e4gelchen vom Zuschneidetisch zum N\u00e4htisch und zur\u00fcck bringen.<\/p>\n<p style=\"text-align: center;\"><a href=\"http:\/\/www.liebevolles-handgemacht.de\/wp-content\/uploads\/2018\/04\/IMG_4342k.jpg\"><img loading=\"lazy\" decoding=\"async\" class=\"aligncenter size-full wp-image-4093\" src=\"http:\/\/www.liebevolles-handgemacht.de\/wp-content\/uploads\/2018\/04\/IMG_4342k.jpg\" alt=\"IMG_4342k\" width=\"400\" height=\"600\"><\/a>Unter dem Zuschneidetisch habe ich einen passenden Parkplatz f\u00fcr den Wagen gefunden. Perfekt!<\/p>\n<p style=\"text-align: center;\"><a href=\"http:\/\/www.liebevolles-handgemacht.de\/wp-content\/uploads\/2018\/04\/IMG_4304k.jpg\"><img loading=\"lazy\" decoding=\"async\" class=\"aligncenter size-full wp-image-4087\" src=\"http:\/\/www.liebevolles-handgemacht.de\/wp-content\/uploads\/2018\/04\/IMG_4304k.jpg\" alt=\"IMG_4304k\" width=\"600\" height=\"400\"><\/a>Meine gr\u00f6\u00dfte Maschine habe ich nachdem sie gerade streikt auf den Dachboden verbannt. Die Stickmaschine hat in den letzten Jahren gute Arbeit geleistet. 5,5 Millionen Stiche hat sie ohne Probleme gemacht. Sie braucht dringend eine Wartung, es ist sehr wichtig. Ich m\u00f6chte gucken ob ich vielleicht ohne Stickmaschine auskomme. Da ich sie inzwischen wenig benutzte, m\u00f6chte ich testen ob ich ganz auf sie verzichten kann.<\/p>\n<p style=\"text-align: center;\">Schon vor zwei Jahren habe ich einen Plotter bekommen, leider habe ich mich noch nicht so viel damit auseinandergesetzt. Ich habe einige Plottdateien damit ausgeschnitten, was auch super ging. Aber beim aufb\u00fcgeln bin ich an meine Grenzen gesto\u00dfen. Mit meinem B\u00fcgeleisen konnte ich nicht genug Druck aufbauen um das Plott dauerhaft aufzubringen. Eine Transferpresse w\u00e4re ein gutes Hilfsmittel, aber die kostet auch so ihr Geld. Ich versuche nochmal einen neuen Ansatz, mal schauen was so geht.<\/p>\n<p style=\"text-align: center;\"><span style=\"color: #993366;\"><strong>So wie gef\u00e4llt euch mein kleines N\u00e4hstudio? Toll geworden oder? Ich bin so dankbar f\u00fcr dieses St\u00fcck Luxus! Jetzt muss ich nurnoch Zeit finden um richtig kreativ zu werden. An Ideen und Material wird es nicht scheitern. Mein Sohn und mein Bruder haben schon Anspr\u00fcche auf kommende N\u00e4hprojekte gestellt. Aber f\u00fcr mich w\u00fcrde mir auch so einiges einfallen, um mich f\u00fcr den kommenden Fr\u00fchling vorzubereiten. ; )<\/strong><\/span><\/p>\n<p style=\"text-align: center;\"><span style=\"color: #993366;\"><strong>Ich w\u00fcnsche euch einen sch\u00f6nen Sonntag, LIEBEVOLLe Gr\u00fc\u00dfe Dini<\/strong><\/span><\/p>\n<p style=\"text-align: center;\"><strong><span style=\"color: #993366;\">PS: Wer noch mehr Fotos aus unserem Haus sehen will sollte mal auf unserer <a href=\"http:\/\/hausbau.darley-online.de\/?p=717&amp;preview=true\" target=\"_blank\">Hausbauseite<\/a> vorbeischauen!<\/span><\/strong><\/p>\n<p style=\"text-align: center;\">&nbsp;<\/p>\n<p style=\"text-align: center;\">&nbsp;<\/p>\n<p style=\"text-align: center;\">&nbsp;<\/p>\n","protected":false},"excerpt":{"rendered":"<p>Ich freue mich so und kann meine Freude gar nicht so richtig in Worte fassen! Aber ich habe sehr viele Fotos gemacht und da bekommt ihr einen tollen Einblick in mein N\u00e4hzimmer, welches ich ganz f\u00fcr mich alleine habe und &hellip; <a href=\"http:\/\/liebevolles-handgemacht.de\/?p=7359\">Weiterlesen <span class=\"meta-nav\">&rarr;<\/span><\/a><\/p>\n","protected":false},"author":1,"featured_media":0,"comment_status":"open","ping_status":"open","sticky":false,"template":"","format":"standard","meta":{"footnotes":"","_links_to":"","_links_to_target":""},"categories":[7],"tags":[],"class_list":["post-7359","post","type-post","status-publish","format-standard","hentry","category-dies-das"],"_links":{"self":[{"href":"http:\/\/liebevolles-handgemacht.de\/index.php?rest_route=\/wp\/v2\/posts\/7359","targetHints":{"allow":["GET"]}}],"collection":[{"href":"http:\/\/liebevolles-handgemacht.de\/index.php?rest_route=\/wp\/v2\/posts"}],"about":[{"href":"http:\/\/liebevolles-handgemacht.de\/index.php?rest_route=\/wp\/v2\/types\/post"}],"author":[{"embeddable":true,"href":"http:\/\/liebevolles-handgemacht.de\/index.php?rest_route=\/wp\/v2\/users\/1"}],"replies":[{"embeddable":true,"href":"http:\/\/liebevolles-handgemacht.de\/index.php?rest_route=%2Fwp%2Fv2%2Fcomments&post=7359"}],"version-history":[{"count":2,"href":"http:\/\/liebevolles-handgemacht.de\/index.php?rest_route=\/wp\/v2\/posts\/7359\/revisions"}],"predecessor-version":[{"id":7402,"href":"http:\/\/liebevolles-handgemacht.de\/index.php?rest_route=\/wp\/v2\/posts\/7359\/revisions\/7402"}],"wp:attachment":[{"href":"http:\/\/liebevolles-handgemacht.de\/index.php?rest_route=%2Fwp%2Fv2%2Fmedia&parent=7359"}],"wp:term":[{"taxonomy":"category","embeddable":true,"href":"http:\/\/liebevolles-handgemacht.de\/index.php?rest_route=%2Fwp%2Fv2%2Fcategories&post=7359"},{"taxonomy":"post_tag","embeddable":true,"href":"http:\/\/liebevolles-handgemacht.de\/index.php?rest_route=%2Fwp%2Fv2%2Ftags&post=7359"}],"curies":[{"name":"wp","href":"https:\/\/api.w.org\/{rel}","templated":true}]}}